{"id":23298,"date":"2019-03-21T17:21:26","date_gmt":"2019-03-21T21:21:26","guid":{"rendered":"https:\/\/linitiative.ca\/International\/lutte-contre-la-meningite-une-campagne-de-vaccination-du-29-mars-au-2-avril-prochain\/"},"modified":"2019-03-21T17:21:26","modified_gmt":"2019-03-21T21:21:26","slug":"lutte-contre-la-meningite-une-campagne-de-vaccination-du-29-mars-au-2-avril-prochain","status":"publish","type":"post","link":"https:\/\/linitiative.ca\/International\/lutte-contre-la-meningite-une-campagne-de-vaccination-du-29-mars-au-2-avril-prochain\/","title":{"rendered":"Lutte contre la m\u00e9ningite : une campagne de vaccination  du 29 mars au 2 avril prochain"},"content":{"rendered":"<div class=\"td-post-featured-image\"><a href=\"https:\/\/i0.wp.com\/www.sidwaya.info\/wp-content\/uploads\/2019\/03\/1-52.jpg?fit=738%2C493&#038;ssl=1\" data-caption=\"\"><img loading=\"lazy\" decoding=\"async\" width=\"696\" height=\"465\" class=\"entry-thumb td-modal-image\" src=\"https:\/\/i0.wp.com\/www.sidwaya.info\/wp-content\/uploads\/2019\/03\/1-52.jpg?resize=696%2C465&#038;ssl=1\" srcset=\"https:\/\/i0.wp.com\/www.sidwaya.info\/wp-content\/uploads\/2019\/03\/1-52.jpg?w=738&#038;ssl=1 738w, https:\/\/i0.wp.com\/www.sidwaya.info\/wp-content\/uploads\/2019\/03\/1-52.jpg?resize=300%2C200&#038;ssl=1 300w, https:\/\/i0.wp.com\/www.sidwaya.info\/wp-content\/uploads\/2019\/03\/1-52.jpg?resize=696%2C465&#038;ssl=1 696w, https:\/\/i0.wp.com\/www.sidwaya.info\/wp-content\/uploads\/2019\/03\/1-52.jpg?resize=629%2C420&#038;ssl=1 629w\" sizes=\"auto, (max-width: 696px) 100vw, 696px\" alt=\"\" title=\"1\"\/><\/a><\/div>\n<div class=\"td-a-rec td-a-rec-id-content_top td_uid_30_5c9405bf6a06d_rand td_block_template_1\"><img loading=\"lazy\" decoding=\"async\" class=\"aligncenter size-full wp-image-4463\" src=\"https:\/\/www.sidwaya.info\/wp-content\/uploads\/2019\/02\/FESPACO-TOUR-2019-Bannie%CC%80re-728x90-1.jpg\" alt=\"\" width=\"728\" height=\"90\"\/><\/div>\n<p>La direction de la protection de la sant\u00e9 de la population a tenu, le jeudi 21 mars 2019 \u00e0 Ouagadougou, une rencontre d\u2019information et d\u2019\u00e9changes avec les hommes de m\u00e9dia sur la m\u00e9ningite qui s\u00e9vit actuellement dans les r\u00e9gions de l\u2019Est et du Sud-Ouest.<\/p>\n<p>Du d\u00e9but de l\u2019ann\u00e9e 2019 \u00e0 ce jour, 933 cas de m\u00e9ningite dont 55 d\u00e9c\u00e8s, soit un taux de l\u00e9talit\u00e9 de 5,9%, ont \u00e9t\u00e9 enregistr\u00e9s sur l\u2019ensemble du territoire burkinab\u00e8. Les zones les plus touch\u00e9es sont le district sanitaire de Gaoua dans la r\u00e9gion du Sud-Ouest, et celui de Diapaga \u00e0 l\u2019Est, qui sont d\u2019ailleurs toujours en situation d\u2019alerte. Ces informations ont \u00e9t\u00e9 donn\u00e9es par le minist\u00e8re de la Sant\u00e9 \u00e0 travers la Direction de la protection de la sant\u00e9 de la population (DPSP), le jeudi 21 mars 2019 \u00e0 Ouagadougou, au cours d\u2019une rencontre d\u2019information et d\u2019\u00e9changes avec la presse sur la situation \u00e9pid\u00e9miologique de la m\u00e9ningite qui pr\u00e9vaut au Burkina Faso.<\/p>\n<p>Selon le premier responsable de la DPSP, Dr Lionel Wilfried Ou\u00e9draogo, en termes de riposte, des investigations sont quotidiennement men\u00e9es depuis trois semaines pour un recensement exhaustif des cas de m\u00e9ningite afin de mesurer la situation r\u00e9elle de la maladie. En plus de cela, il a indiqu\u00e9 que les capacit\u00e9s des agents de sant\u00e9 ont \u00e9t\u00e9 renforc\u00e9es en mati\u00e8re de diagnostic et de prise en charge des malades. \u00abLes m\u00e9dicaments qui ont \u00e9t\u00e9 repositionn\u00e9s pour la prise en charge des cas ont \u00e9t\u00e9 \u00e9galement renforc\u00e9s de sorte que les patients qui vont se pr\u00e9senter soient pris en charge rapidement. Aussi, les populations ont \u00e9t\u00e9 davantage sensibilis\u00e9es aux mesures de pr\u00e9vention et l\u2019attitude \u00e0 adopter quand l\u2019on pr\u00e9sente une situation avec un tableau de m\u00e9ningite\u00bb, a ajout\u00e9 Dr Ou\u00e9draogo.<\/p>\n<p>Toutefois, il a soulign\u00e9 qu\u2019actuellement l\u2019attention est plus dirig\u00e9e vers le district de Diapaga, ce, du fait qu\u2019il y a la zone II de surveillance qui est en \u00e9pid\u00e9mie. \u00abNous avons la possibilit\u00e9 dans le cas de Diapaga de vacciner parce que le germe en cause de la m\u00e9ningite qui y s\u00e9vit est un germe dont le vaccin est disponible et accessible\u00bb, a \u00e9clair\u00e9 le docteur. Et d\u2019annoncer qu\u2019une campagne de vaccination r\u00e9active y sera entam\u00e9e, du 29 mars au 2 avril 2019, dans les zones 2, 3 et 4 de Diapaga, et va concerner les personnes \u00e2g\u00e9es de 1 \u00e0 29 ans qui constituent 70% de la population. Le co\u00fbt de l\u2019op\u00e9ration, \u00e0 l\u2019en croire, est estim\u00e9 \u00e0 un milliard francs CFA. De son avis, l\u2019ensemble du district de Diapaga serait ainsi immunis\u00e9 contre la m\u00e9ningite \u00e0 m\u00e9ningocoque A, C, W et Y pour une dur\u00e9e de cinq ans. Ce, \u00e9tant donn\u00e9 que la zone I a b\u00e9n\u00e9fici\u00e9 de la vaccination lors d\u2019une pr\u00e9c\u00e9dente campagne, du 8 au 13 f\u00e9vrier dernier, d\u00e8s les premiers cas de m\u00e9ningite qui ont caus\u00e9 26 d\u00e9c\u00e8s.<\/p>\n<p>\u00abLe type de germe en cause de la m\u00e9ningite dans la r\u00e9gion du Sud-Ouest n\u2019appelle pas une vaccination tout de suite mais surtout une prise en charge renforc\u00e9e, pr\u00e9coce et correcte des cas ; doubl\u00e9e de surveillance afin de le contr\u00f4ler\u00bb, a affirm\u00e9 M. Ou\u00e9draogo. La m\u00e9ningite est une inflammation des m\u00e9ninges due \u00e0 une infection caus\u00e9e par un virus ou une bact\u00e9rie. Les sympt\u00f4mes sont, entre autres, l\u2019apparition brusque de fi\u00e8vre, troubles neurologiques, raideur de la nuque ou nuque molle, bombement de la fontanelle (chez le nourrisson), plafonnement du regard, convulsion. \u00abLa prise en charge de la m\u00e9ningite est gratuite au Burkina Faso. En dehors du traitement de base avec les anti-biotiques par voie injectable, il y a un traitement compl\u00e9mentaire qui traite les sympt\u00f4mes\u00bb, a pr\u00e9cis\u00e9 le chef de service de la surveillance des maladies, Issaka Yam\u00e9ogo. Et d\u2019inviter les populations \u00e0 toujours se rendre dans un centre de sant\u00e9, car la m\u00e9ningite ne peut pas \u00eatre trait\u00e9e \u00e0 la maison.<\/p>\n<p class=\"c1\"><strong>Kadi RABO<\/strong><\/p>\n<div class=\"td-a-rec td-a-rec-id-content_bottom td_uid_31_5c9405bf6a210_rand td_block_template_1\"><img loading=\"lazy\" decoding=\"async\" class=\"alignright size-full wp-image-1724\" src=\"https:\/\/www.sidwaya.info\/wp-content\/uploads\/2018\/12\/sidwaya-pub.jpg\" alt=\"\" width=\"720\" height=\"90\"\/><\/div>\n<p>Auteur: DD. Sidwaya<br \/>\n<a href=\"https:\/\/www.sidwaya.info\/blog\/2019\/03\/21\/lutte-contre-la-meningite-une-campagne-de-vaccination-du-29-mars-au-2-avril-prochain\/\">Cliquez ici pour lire l&rsquo;article depuis sa source.<\/a><\/p>\n","protected":false},"excerpt":{"rendered":"<p>La direction de la protection de la sant\u00e9 de la population a tenu, le jeudi 21 mars 2019 \u00e0 Ouagadougou, une rencontre d\u2019information et d\u2019\u00e9changes avec les hommes de m\u00e9dia sur la m\u00e9ningite qui s\u00e9vit actuellement dans les r\u00e9gions de l\u2019Est et du Sud-Ouest. Du d\u00e9but de l\u2019ann\u00e9e 2019 \u00e0 ce jour, 933 cas de [&hellip;]<\/p>\n","protected":false},"author":1816,"featured_media":0,"comment_status":"closed","ping_status":"closed","sticky":false,"template":"","format":"standard","meta":{"fifu_image_url":"","fifu_image_alt":"","footnotes":""},"categories":[73,81],"tags":[],"class_list":["post-23298","post","type-post","status-publish","format-standard","hentry","category-actualite","category-burkina-faso"],"_links":{"self":[{"href":"https:\/\/linitiative.ca\/International\/wp-json\/wp\/v2\/posts\/23298","targetHints":{"allow":["GET"]}}],"collection":[{"href":"https:\/\/linitiative.ca\/International\/wp-json\/wp\/v2\/posts"}],"about":[{"href":"https:\/\/linitiative.ca\/International\/wp-json\/wp\/v2\/types\/post"}],"author":[{"embeddable":true,"href":"https:\/\/linitiative.ca\/International\/wp-json\/wp\/v2\/users\/1816"}],"replies":[{"embeddable":true,"href":"https:\/\/linitiative.ca\/International\/wp-json\/wp\/v2\/comments?post=23298"}],"version-history":[{"count":0,"href":"https:\/\/linitiative.ca\/International\/wp-json\/wp\/v2\/posts\/23298\/revisions"}],"wp:attachment":[{"href":"https:\/\/linitiative.ca\/International\/wp-json\/wp\/v2\/media?parent=23298"}],"wp:term":[{"taxonomy":"category","embeddable":true,"href":"https:\/\/linitiative.ca\/International\/wp-json\/wp\/v2\/categories?post=23298"},{"taxonomy":"post_tag","embeddable":true,"href":"https:\/\/linitiative.ca\/International\/wp-json\/wp\/v2\/tags?post=23298"}],"curies":[{"name":"wp","href":"https:\/\/api.w.org\/{rel}","templated":true}]}}