{"id":23301,"date":"2019-03-21T14:50:04","date_gmt":"2019-03-21T18:50:04","guid":{"rendered":"https:\/\/linitiative.ca\/International\/trump-plaide-pour-la-reconnaissance-de-la-souverainete-disrael-sur-le-golan\/"},"modified":"2019-03-21T14:50:04","modified_gmt":"2019-03-21T18:50:04","slug":"trump-plaide-pour-la-reconnaissance-de-la-souverainete-disrael-sur-le-golan","status":"publish","type":"post","link":"https:\/\/linitiative.ca\/International\/trump-plaide-pour-la-reconnaissance-de-la-souverainete-disrael-sur-le-golan\/","title":{"rendered":"Trump plaide pour la reconnaissance de la souverainet\u00e9 d\u2019Isra\u00ebl sur le Golan"},"content":{"rendered":"<div readability=\"32\">\n<p>Publi\u00e9 le 21.03.2019 \u00e0 19h50 par AFP<\/p>\n<\/div>\n<div readability=\"129\">\n<p>Le pr\u00e9sident des Etats-Unis Donald Trump s\u2019est d\u00e9clar\u00e9 jeudi favorable \u00e0 la reconnaissance de la souverainet\u00e9 d\u2019Isra\u00ebl sur le plateau du Golan, une d\u00e9cision en rupture avec la position am\u00e9ricaine depuis des d\u00e9cennies sur ce dossier sensible.<\/p>\n<p>Isra\u00ebl a conquis une grande partie du Golan, soit 1.200 km2, lors de la guerre des Six Jours en 1967 et l\u2019a annex\u00e9e en 1981, mais la communaut\u00e9 internationale n\u2019a jamais reconnu cette annexion.<\/p>\n<p>\u00ab\u00a0Apr\u00e8s 52 ans, il est temps pour les Etats-Unis de reconna\u00eetre pleinement la souverainet\u00e9 d\u2019Isra\u00ebl sur le plateau du Golan, qui a une importance strat\u00e9gique pour l\u2019Etat d\u2019Isra\u00ebl et la stabilit\u00e9 r\u00e9gionale\u00a0\u00bb, a tweet\u00e9 le pr\u00e9sident am\u00e9ricain au moment m\u00eame o\u00f9 le chef de diplomatie Mike Pompeo se trouvait \u00e0 J\u00e9rusalem.<\/p>\n<p>A l\u2019approche des \u00e9lections l\u00e9gislatives du 9 avril, cette annonce est un v\u00e9ritable coup de pouce pour M. Netanyahu qui r\u00e9clame cette reconnaissance avec insistance et est attendu \u00e0 la Maison Blanche en d\u00e9but de semaine prochaine.<\/p>\n<p>\u00ab\u00a0Merci pr\u00e9sident Trump!\u00a0\u00bb, a-t-il tweet\u00e9 imm\u00e9diatement apr\u00e8s l\u2019annonce de l\u2019ancien homme d\u2019affaires new-yorkais, dont il a lou\u00e9 le \u00ab\u00a0courage\u00a0\u00bb.<\/p>\n<p>Au pouvoir depuis une d\u00e9cennie, M. Netanyahu met inlassablement en avant sa relation privil\u00e9gi\u00e9e avec le locataire de la Maison Blanche et s\u2019en sert d\u2019argument dans la campagne, pr\u00e9sentant les gains isra\u00e9liens comme des succ\u00e8s personnels dont ses concurrents seraient incapables.<\/p>\n<p>Fin 2017, Donald Trump, qui affiche un soutien \u00e0 toute \u00e9preuve envers Isra\u00ebl, a unilat\u00e9ralement reconnu J\u00e9rusalem comme capitale de ce proche alli\u00e9, allant \u00e0 l\u2019encontre de la diplomatie traditionnelle am\u00e9ricaine et du consensus international, au grand dam notamment des dirigeants palestiniens.<\/p>\n<p>Mi-novembre, les Etats-Unis ont pour la premi\u00e8re fois vot\u00e9 contre une r\u00e9solution de l\u2019ONU consid\u00e9rant l\u2019annexion isra\u00e9lienne du Golan \u00ab\u00a0nulle et non avenue\u00a0\u00bb. C\u2019est le seul pays \u00e0 avoir vot\u00e9 contre aux c\u00f4t\u00e9s d\u2019Isra\u00ebl.<\/p>\n<p>\u2013 Droit international \u2013<\/p>\n<p><ins data-revive-zoneid=\"9\" data-revive-id=\"10111e19d28d19d031742ee3b0b33eb0\"\/> <\/p>\n<p>Dans son rapport annuel sur les droits humains dans le monde, publi\u00e9 il y a dix jours, Washington avait pris soin de ne plus parler du Golan syrien comme d\u2019un territoire \u00ab\u00a0occup\u00e9 par Isra\u00ebl\u00a0\u00bb, signe interpr\u00e9t\u00e9 par nombre d\u2019observateurs comme l\u2019annonce d\u2019un changement de pied \u00e0 venir.<\/p>\n<p>La pr\u00e9sidence palestinienne avait aussit\u00f4t d\u00e9nonc\u00e9 un nouvel acte hostile s\u2019inscrivant dans la logique de l\u2019administration Trump visant \u00e0 \u00ab\u00a0liquider la cause palestinienne\u00a0\u00bb.<\/p>\n<p>\u00ab\u00a0Ces d\u00e9nominations am\u00e9ricaines ne changent rien au fait que le territoire palestinien occup\u00e9 depuis 1967 et le Golan arabe occup\u00e9 sont des territoires sous occupation isra\u00e9lienne au regard des r\u00e9solutions des Nations unies et du droit international\u00a0\u00bb, avait soulign\u00e9 son porte-parole Nabil Abou Roudeina.<\/p>\n<p>La direction palestinienne internationalement reconnue et bas\u00e9e \u00e0 Ramallah (Cisjordanie occup\u00e9e) refuse de parler \u00e0 l\u2019administration Trump qu\u2019elle accuse de parti pris outrancier pro-isra\u00e9lien.<\/p>\n<p>Dans son tweet de remerciement \u00e0 M. Trump, M. Netanyahu souligne que sa d\u00e9cision est d\u2019autant plus importante qu\u2019elle intervient au moment o\u00f9 \u00ab\u00a0l\u2019Iran cherche \u00e0 utiliser la Syrie comme une plateforme pour d\u00e9truire Isra\u00ebl\u00a0\u00bb.<\/p>\n<p>Isra\u00ebl a r\u00e9cemment accus\u00e9 le Hezbollah, l\u2019un de ses ennemis, d\u2019\u00e9tablir secr\u00e8tement dans le Golan syrien, pr\u00e8s du territoire sous son contr\u00f4le, un r\u00e9seau militaire command\u00e9 par une figure du mouvement chiite libanais.<\/p>\n<p>L\u2019objectif de ce r\u00e9seau, qui serait command\u00e9 par le Libanais Ali Moussa Daqdouq, est de disposer \u00e0 terme de forces pr\u00eates \u00e0 attaquer Isra\u00ebl, selon l\u2019arm\u00e9e isra\u00e9lienne.<\/p>\n<p>Le Hezbollah et l\u2019Iran sont intervenus aux c\u00f4t\u00e9s du r\u00e9gime de Bachar al-Assad, \u00e9galement soutenu par Moscou, dans la guerre civile en Syrie. Isra\u00ebl fait campagne sans rel\u00e2che contre cette pr\u00e9sence du Hezbollah et de l\u2019Iran chez son voisin syrien.<\/p>\n<\/div>\n<p>Auteur: AFP<br \/>\n<a href=\"https:\/\/www.journalducameroun.com\/fr\/trump-plaide-pour-la-reconnaissance-de-la-souverainete-disrael-sur-le-golan\/\">Cliquez ici pour lire l&rsquo;article depuis sa source.<\/a><\/p>\n","protected":false},"excerpt":{"rendered":"<p>Publi\u00e9 le 21.03.2019 \u00e0 19h50 par AFP Le pr\u00e9sident des Etats-Unis Donald Trump s\u2019est d\u00e9clar\u00e9 jeudi favorable \u00e0 la reconnaissance de la souverainet\u00e9 d\u2019Isra\u00ebl sur le plateau du Golan, une d\u00e9cision en rupture avec la position am\u00e9ricaine depuis des d\u00e9cennies sur ce dossier sensible. Isra\u00ebl a conquis une grande partie du Golan, soit 1.200 km2, [&hellip;]<\/p>\n","protected":false},"author":1965,"featured_media":0,"comment_status":"closed","ping_status":"closed","sticky":false,"template":"","format":"standard","meta":{"fifu_image_url":"","fifu_image_alt":"","footnotes":""},"categories":[73,82],"tags":[],"class_list":["post-23301","post","type-post","status-publish","format-standard","hentry","category-actualite","category-cameroun"],"_links":{"self":[{"href":"https:\/\/linitiative.ca\/International\/wp-json\/wp\/v2\/posts\/23301","targetHints":{"allow":["GET"]}}],"collection":[{"href":"https:\/\/linitiative.ca\/International\/wp-json\/wp\/v2\/posts"}],"about":[{"href":"https:\/\/linitiative.ca\/International\/wp-json\/wp\/v2\/types\/post"}],"author":[{"embeddable":true,"href":"https:\/\/linitiative.ca\/International\/wp-json\/wp\/v2\/users\/1965"}],"replies":[{"embeddable":true,"href":"https:\/\/linitiative.ca\/International\/wp-json\/wp\/v2\/comments?post=23301"}],"version-history":[{"count":0,"href":"https:\/\/linitiative.ca\/International\/wp-json\/wp\/v2\/posts\/23301\/revisions"}],"wp:attachment":[{"href":"https:\/\/linitiative.ca\/International\/wp-json\/wp\/v2\/media?parent=23301"}],"wp:term":[{"taxonomy":"category","embeddable":true,"href":"https:\/\/linitiative.ca\/International\/wp-json\/wp\/v2\/categories?post=23301"},{"taxonomy":"post_tag","embeddable":true,"href":"https:\/\/linitiative.ca\/International\/wp-json\/wp\/v2\/tags?post=23301"}],"curies":[{"name":"wp","href":"https:\/\/api.w.org\/{rel}","templated":true}]}}