{"id":23303,"date":"2019-03-21T15:58:40","date_gmt":"2019-03-21T19:58:40","guid":{"rendered":"https:\/\/linitiative.ca\/International\/route-ebolowa-kribi-loffre-italienne-jugee-trop-chere-par-le-cameroun\/"},"modified":"2019-03-21T15:58:40","modified_gmt":"2019-03-21T19:58:40","slug":"route-ebolowa-kribi-loffre-italienne-jugee-trop-chere-par-le-cameroun","status":"publish","type":"post","link":"https:\/\/linitiative.ca\/International\/route-ebolowa-kribi-loffre-italienne-jugee-trop-chere-par-le-cameroun\/","title":{"rendered":"Route Ebolowa-Kribi : l\u2019offre italienne jug\u00e9e trop ch\u00e8re par le Cameroun"},"content":{"rendered":"<div readability=\"32\">\n<p>Publi\u00e9 le 21.03.2019 \u00e0 20h58 par Jean Christian Bernard Nselel<\/p>\n<\/div>\n<div readability=\"84\">\n<h2 class=\"c1\"><em>L\u2019entreprise italienne ICM-CMC Spa adjudicataire des travaux de bitumage de cette route a \u00e9t\u00e9 invit\u00e9e ce mardi 21 mars par le ministre des Travaux publics Emmanuel Nganou Djoumessi, \u00e0 fournir une offre technique moins co\u00fbteuse que la premi\u00e8re proposition re\u00e7ue. A l\u2019issue de cette \u00e9tape, le co\u00fbt global de cette route ainsi que la date de d\u00e9marrage des travaux seront connus.<\/em><\/h2>\n<p class=\"c2\">Cette interpellation du gouvernement \u00e0 l\u2019endroit du groupe italien a \u00e9t\u00e9 faite au cours d\u2019une audience accord\u00e9e par le ministre des Travaux publics au Pr\u00e9sident directeur g\u00e9n\u00e9ral de l\u2019entreprise italienne ICM-CM qui devra conduire les travaux.<\/p>\n<p>L\u2019offre formul\u00e9e par l\u2019entreprise italienne pr\u00e9sentait une route devant couter environ 200 milliards FCFA,\u00a0 (soit pr\u00e8s de 1,4 milliard de FCFA le kilom\u00e8tre de bitume) pour un lin\u00e9aire de 179,28 kilom\u00e8tres avec des voies de contournements pr\u00e9vues \u00e0 Ebolowa et Akom dans la r\u00e9gion du Sud.<\/p>\n<p class=\"c2\">Pour le gouvernement camerounais cette route appara\u00eet trop optimis\u00e9e et par cons\u00e9quent trop ch\u00e8re si l\u2019on se r\u00e9f\u00e8re \u00e0 cette proposition faite par le prestataire italien.<\/p>\n<p>Par cons\u00e9quent, Emmanuel Nganou Djoumessi a sugg\u00e9r\u00e9 au PDG de ICM-CM de revoir \u00e0 la baisse le standard de cette voie qu\u2019il juge trop \u00e9lev\u00e9 . Pour cela le ministre\u00a0 a demand\u00e9 au ma\u00eetre d\u2019oeuvre, de r\u00e9duire la dimension de la chauss\u00e9e, et de ne pas prendre \u00e0 ses d\u00e9pens\u00a0 des rubriques telles que les expropriations, la pose de la fibre optique, la r\u00e9servation \u00e9lectrique et d\u2019autres travaux connexes qui sont d\u00e9j\u00e0 inscrits dans le Budget d\u2019investissement public.<\/p>\n<p>D\u2019un ton ferme, le ministre des Travaux publics a aussi attir\u00e9 l\u2019attention du partenaire italien sur les \u00a0frais de supervisions des travaux\u00a0 qu\u2019il juge assez \u00e9lev\u00e9s. \u201cil faut aussi les r\u00e9duire\u201d a t-il d\u00e9clar\u00e9 durant la rencontre.<\/p>\n<p><ins data-revive-zoneid=\"9\" data-revive-id=\"10111e19d28d19d031742ee3b0b33eb0\"\/> <\/p>\n<p class=\"c2\">Face \u00e0 un interlocuteur pr\u00e9occup\u00e9 par le trafic que devra supporter cette voie, le ministre des Travaux publics a tenu \u00e0 pr\u00e9ciser \u00e0 ce dernier que cette route ne sera pas la seule \u00e0 supporter le trafic routier li\u00e9 au d\u00e9sengorgement du port de Kribi. En effet deux autres voies en cours de construction ont aussi \u00e9t\u00e9 pr\u00e9vues pour cela.<\/p>\n<p class=\"c2\">Cet appel du ministre des Travaux publics intervient dans un contexte o\u00f9 le Cameroun, du fait des accords avec le Fonds mon\u00e9taire international ,est contraint \u00e0 des restrictions budg\u00e9taires, fait-on savoir dans ce d\u00e9partement minist\u00e9riel.<\/p>\n<p class=\"c2\">Dans une semaine, la partie italienne devra transmettre aux autorit\u00e9s camerounaises une proposition all\u00e9g\u00e9e d\u2019un point de vue financier. Le diff\u00e9rentiel qui sera issu de cette derni\u00e8re pourra \u00eatre orient\u00e9 pour un autre projet routier, a confi\u00e9 le ministre.<\/p>\n<p class=\"c2\">Rappelons que l\u2019attribution du projet routier Ebolowa-Akom II-Kribi \u00e0 cette entreprise italienne fait partie \u00a0des retomb\u00e9es de la visite d\u2019Etat du pr\u00e9sident Paul Biya en Italie en mars 2017. Ce contrat commercial attribu\u00e9 \u00e0 l\u2019entreprise ICM-CMC Spa mat\u00e9rialise ainsi la coop\u00e9ration entre les deux pays.<\/p>\n<\/div>\n<p>Auteur: Jean-Christian Nselel<br \/>\n<a href=\"https:\/\/www.journalducameroun.com\/fr\/route-ebolowa-kribi-loffre-italienne-jugee-trop-chere-par-le-cameroun\/\">Cliquez ici pour lire l&rsquo;article depuis sa source.<\/a><\/p>\n","protected":false},"excerpt":{"rendered":"<p>Publi\u00e9 le 21.03.2019 \u00e0 20h58 par Jean Christian Bernard Nselel L\u2019entreprise italienne ICM-CMC Spa adjudicataire des travaux de bitumage de cette route a \u00e9t\u00e9 invit\u00e9e ce mardi 21 mars par le ministre des Travaux publics Emmanuel Nganou Djoumessi, \u00e0 fournir une offre technique moins co\u00fbteuse que la premi\u00e8re proposition re\u00e7ue. A l\u2019issue de cette \u00e9tape, [&hellip;]<\/p>\n","protected":false},"author":1965,"featured_media":0,"comment_status":"closed","ping_status":"closed","sticky":false,"template":"","format":"standard","meta":{"fifu_image_url":"","fifu_image_alt":"","footnotes":""},"categories":[73,82],"tags":[],"class_list":["post-23303","post","type-post","status-publish","format-standard","hentry","category-actualite","category-cameroun"],"_links":{"self":[{"href":"https:\/\/linitiative.ca\/International\/wp-json\/wp\/v2\/posts\/23303","targetHints":{"allow":["GET"]}}],"collection":[{"href":"https:\/\/linitiative.ca\/International\/wp-json\/wp\/v2\/posts"}],"about":[{"href":"https:\/\/linitiative.ca\/International\/wp-json\/wp\/v2\/types\/post"}],"author":[{"embeddable":true,"href":"https:\/\/linitiative.ca\/International\/wp-json\/wp\/v2\/users\/1965"}],"replies":[{"embeddable":true,"href":"https:\/\/linitiative.ca\/International\/wp-json\/wp\/v2\/comments?post=23303"}],"version-history":[{"count":0,"href":"https:\/\/linitiative.ca\/International\/wp-json\/wp\/v2\/posts\/23303\/revisions"}],"wp:attachment":[{"href":"https:\/\/linitiative.ca\/International\/wp-json\/wp\/v2\/media?parent=23303"}],"wp:term":[{"taxonomy":"category","embeddable":true,"href":"https:\/\/linitiative.ca\/International\/wp-json\/wp\/v2\/categories?post=23303"},{"taxonomy":"post_tag","embeddable":true,"href":"https:\/\/linitiative.ca\/International\/wp-json\/wp\/v2\/tags?post=23303"}],"curies":[{"name":"wp","href":"https:\/\/api.w.org\/{rel}","templated":true}]}}