{"id":23304,"date":"2019-03-21T16:50:02","date_gmt":"2019-03-21T20:50:02","guid":{"rendered":"https:\/\/linitiative.ca\/International\/rwanda-macron-nira-pas-aux-commemorations-du-genocide\/"},"modified":"2019-03-21T16:50:02","modified_gmt":"2019-03-21T20:50:02","slug":"rwanda-macron-nira-pas-aux-commemorations-du-genocide","status":"publish","type":"post","link":"https:\/\/linitiative.ca\/International\/rwanda-macron-nira-pas-aux-commemorations-du-genocide\/","title":{"rendered":"Rwanda: Macron n\u2019ira pas aux comm\u00e9morations du g\u00e9nocide"},"content":{"rendered":"<div readability=\"32\">\n<p>Publi\u00e9 le 21.03.2019 \u00e0 21h50 par AFP<\/p>\n<\/div>\n<div readability=\"96\">\n<p>Le pr\u00e9sident Emmanuel Macron \u00ab\u00a0ne pourra pas se rendre\u00a0\u00bb le 7 avril \u00e0 Kigali \u00e0 la comm\u00e9moration du 25e anniversaire du g\u00e9nocide au Rwanda mais sera repr\u00e9sent\u00e9 par le d\u00e9put\u00e9 Herv\u00e9 Berville, orphelin d\u2019origine rwandaise adopt\u00e9 par une famille fran\u00e7aise, a-t-on appris de sources concordantes.<\/p>\n<p>\u00ab\u00a0La France sera aux cot\u00e9s du Rwanda dans ce moment de recueillement\u00a0\u00bb, a indiqu\u00e9 l\u2019Elys\u00e9e, sans donner de raison \u00e0 l\u2019emp\u00eachement de M. Macron.<\/p>\n<p>\u00ab\u00a0Le pr\u00e9sident de la R\u00e9publique m\u2019a demand\u00e9 d\u2019\u00eatre son repr\u00e9sentant personnel lors des comm\u00e9morations du 25e anniversaire du g\u00e9nocide des Tutsi le 7 avril\u00a0\u00bb, a indiqu\u00e9 \u00e0 l\u2019AFP Herv\u00e9 Berville, d\u00e9put\u00e9 du parti pr\u00e9sidentiel LREM \u00e2g\u00e9 de 29 ans.<\/p>\n<p>N\u00e9 \u00e0 Kigali et orphelin, M. Berville a \u00e9t\u00e9 adopt\u00e9 \u00e0 4 ans par une famille fran\u00e7aise, en 1994. Il a \u00e9t\u00e9 l\u2019auteur d\u2019un projet de loi visant \u00e0 renforcer l\u2019aide de la France aux pays en d\u00e9veloppement, pour r\u00e9pondre \u00e0 l\u2019engagement pris par Emmanuel Macron.<\/p>\n<p>Une source proche de l\u2019Elys\u00e9e soulignait que le choix de M. Berville incarnait la volont\u00e9 de M. Macron de construire une nouvelle relation avec le Rwanda.<\/p>\n<p>Le pr\u00e9sident fran\u00e7ais avait \u00e9t\u00e9 invit\u00e9 \u00e0 la comm\u00e9moration du g\u00e9nocide de 1994 contre les Tutsi, ce qui aurait fait de lui le deuxi\u00e8me pr\u00e9sident fran\u00e7ais \u00e0 se d\u00e9placer \u00e0 Kigali depuis le g\u00e9nocide.<\/p>\n<p><ins data-revive-zoneid=\"9\" data-revive-id=\"10111e19d28d19d031742ee3b0b33eb0\"\/> <\/p>\n<p>Nicolas Sarkozy avait \u00e9t\u00e9 le premier chef de l\u2019\u00c9tat fran\u00e7ais \u00e0 se rendre au Rwanda en f\u00e9vrier 2010. A cette occasion, il avait admis \u00e0 Kigali des \u00ab\u00a0erreurs d\u2019appr\u00e9ciation\u00a0\u00bb de la France \u00e0 l\u2019\u00e9poque du g\u00e9nocide, sans pr\u00e9senter d\u2019excuses formelles.<\/p>\n<p>Pr\u00e8s d\u2019un quart de si\u00e8cle plus tard, le r\u00f4le jou\u00e9 par la France au Rwanda reste encore un sujet hautement pol\u00e9mique, objet de tensions r\u00e9currentes entre Paris et Kigali.<\/p>\n<p>Le pr\u00e9sident rwandais Paul Kagame, dont le mouvement rebelle a mis fin au g\u00e9nocide, a accus\u00e9 les autorit\u00e9s fran\u00e7aises d\u2019avoir soutenu le pouvoir hutu et d\u2019avoir \u00e9t\u00e9 un acteur des tueries ayant fait, selon l\u2019ONU, quelque 800.000 morts entre avril et juillet 1994, essentiellement parmi la minorit\u00e9 tutsi, mais aussi chez les Hutu mod\u00e9r\u00e9s.<\/p>\n<p>Paris a toujours d\u00e9menti toute implication dans les massacres.<\/p>\n<p>L\u2019invitation faite \u00e0 M. Macron avait \u00e9t\u00e9 per\u00e7ue comme un nouveau r\u00e9chauffement des relations entre les deux pays, apr\u00e8s le soutien appuy\u00e9 de Paris \u00e0 Louise Mushikiwabo, ancienne ministre rwandaise des Affaires \u00e9trang\u00e8res, \u00e0 la t\u00eate de l\u2019Organisation internationale de la Francophonie (OIF, bas\u00e9e \u00e0 Paris).<\/p>\n<\/div>\n<p>Auteur: AFP<br \/>\n<a href=\"https:\/\/www.journalducameroun.com\/fr\/rwanda-macron-nira-pas-aux-commemorations-du-genocide\/\">Cliquez ici pour lire l&rsquo;article depuis sa source.<\/a><\/p>\n","protected":false},"excerpt":{"rendered":"<p>Publi\u00e9 le 21.03.2019 \u00e0 21h50 par AFP Le pr\u00e9sident Emmanuel Macron \u00ab\u00a0ne pourra pas se rendre\u00a0\u00bb le 7 avril \u00e0 Kigali \u00e0 la comm\u00e9moration du 25e anniversaire du g\u00e9nocide au Rwanda mais sera repr\u00e9sent\u00e9 par le d\u00e9put\u00e9 Herv\u00e9 Berville, orphelin d\u2019origine rwandaise adopt\u00e9 par une famille fran\u00e7aise, a-t-on appris de sources concordantes. \u00ab\u00a0La France sera [&hellip;]<\/p>\n","protected":false},"author":1965,"featured_media":0,"comment_status":"closed","ping_status":"closed","sticky":false,"template":"","format":"standard","meta":{"fifu_image_url":"","fifu_image_alt":"","footnotes":""},"categories":[73,82],"tags":[],"class_list":["post-23304","post","type-post","status-publish","format-standard","hentry","category-actualite","category-cameroun"],"_links":{"self":[{"href":"https:\/\/linitiative.ca\/International\/wp-json\/wp\/v2\/posts\/23304","targetHints":{"allow":["GET"]}}],"collection":[{"href":"https:\/\/linitiative.ca\/International\/wp-json\/wp\/v2\/posts"}],"about":[{"href":"https:\/\/linitiative.ca\/International\/wp-json\/wp\/v2\/types\/post"}],"author":[{"embeddable":true,"href":"https:\/\/linitiative.ca\/International\/wp-json\/wp\/v2\/users\/1965"}],"replies":[{"embeddable":true,"href":"https:\/\/linitiative.ca\/International\/wp-json\/wp\/v2\/comments?post=23304"}],"version-history":[{"count":0,"href":"https:\/\/linitiative.ca\/International\/wp-json\/wp\/v2\/posts\/23304\/revisions"}],"wp:attachment":[{"href":"https:\/\/linitiative.ca\/International\/wp-json\/wp\/v2\/media?parent=23304"}],"wp:term":[{"taxonomy":"category","embeddable":true,"href":"https:\/\/linitiative.ca\/International\/wp-json\/wp\/v2\/categories?post=23304"},{"taxonomy":"post_tag","embeddable":true,"href":"https:\/\/linitiative.ca\/International\/wp-json\/wp\/v2\/tags?post=23304"}],"curies":[{"name":"wp","href":"https:\/\/api.w.org\/{rel}","templated":true}]}}