{"id":23337,"date":"2019-03-21T08:58:11","date_gmt":"2019-03-21T12:58:11","guid":{"rendered":"https:\/\/linitiative.ca\/International\/vie-chere-quand-les-revenus-des-travailleurs-ne-suivent-pas\/"},"modified":"2019-03-21T08:58:11","modified_gmt":"2019-03-21T12:58:11","slug":"vie-chere-quand-les-revenus-des-travailleurs-ne-suivent-pas","status":"publish","type":"post","link":"https:\/\/linitiative.ca\/International\/vie-chere-quand-les-revenus-des-travailleurs-ne-suivent-pas\/","title":{"rendered":"Vie ch\u00e8re:  quand les revenus des travailleurs ne suivent pas"},"content":{"rendered":"<p>La derni\u00e8re hausse des salaires des fonctionnaires et agents de l\u2019Etat d\u00e9cid\u00e9e au Cameroun par le pr\u00e9sident de la R\u00e9publique, <strong>Paul Biya<\/strong>, date du 07 juillet 2014. Elle \u00e9tait de\u00a0<strong>5%<\/strong>\u00a0et, comme en avril 2008 o\u00f9 une hausse de\u00a0<strong>15%<\/strong>\u00a0avait \u00e9t\u00e9 d\u00e9cid\u00e9e pour noyer le poisson, celle-ci \u00e9tait intervenue apr\u00e8s une nouvelle augmentation du prix du carburant \u00e0 la pompe. Si ces mesures pr\u00e9sidentielles ont pu \u00eatre un grand bol d\u2019air pour les employ\u00e9s de l\u2019Etat, leur impact n\u2019a pas \u00e9t\u00e9 consid\u00e9rable en termes d\u2019am\u00e9lioration du niveau de vie des b\u00e9n\u00e9ficiaires. Enseignants, statisticiens, \u00e9conomistes, ing\u00e9nieurs, etc., travaillant pour le secteur public, ils ont toujours souhait\u00e9 retrouver le niveau des salaires d\u2019avant la crise de la fin des ann\u00e9es 1980 et des ann\u00e9es 1990 \u2013 leurs revenus avaient pratiquement \u00e9t\u00e9 divis\u00e9s par trois. En dehors d\u2019une petite fourchette d\u2019entreprises publiques et parapubliques, de quelques multinationales en activit\u00e9 au Cameroun et d\u2019une minorit\u00e9 de soci\u00e9t\u00e9s priv\u00e9es qui r\u00e9mun\u00e8rent bien (ou relativement bien) leurs personnels, l\u2019\u00e9chelle des salaires dans le pays est demeur\u00e9e l\u2019une des plus basses au monde.<\/p>\n<blockquote readability=\"10\">\n<p>Une \u00e9tude publi\u00e9e il y a deux ans par la coordination locale du syst\u00e8me des\u00a0\u00a0Nations unies, r\u00e9v\u00e8le que plus de\u00a0<strong>37% des habitants<\/strong>\u00a0du Cameroun, soit plus de<strong>8 millions de personnes<\/strong>, vivent toujours sous le seuil de pauvret\u00e9<\/p>\n<\/blockquote>\n<p>Plus grave, le Salaire minimum interprofessionnel garanti (Smig), qui est le salaire mensuel en de\u00e7\u00e0 duquel aucun travailleur du priv\u00e9 et du public ne doit \u00eatre pay\u00e9,\u00a0\u00a0\u00a0\u00a0est maintenu, en 2019,\u00a0\u00a0\u00e0\u00a0<strong>36 270 Fcfa<\/strong>, contre\u00a0<strong>150.000 Fcfa<\/strong>\u00a0dans un pays comme le Gabon. En la mati\u00e8re, le Cameroun est d\u2019ailleurs class\u00e9 parmi les derniers pays en Afrique.\u00a0De tels revenus ne sont pas capables de soutenir la hausse des prix qui se g\u00e9n\u00e9ralise \u00e0 un rythme inacceptable depuis un certain temps.\u00a0Une \u00e9tude publi\u00e9e il y a deux ans par la coordination locale du syst\u00e8me des\u00a0\u00a0Nations unies, r\u00e9v\u00e8le que plus de\u00a0<strong>37% des habitants<\/strong>\u00a0du Cameroun, soit plus de<strong>8 millions de personnes<\/strong>, vivent toujours sous le seuil de pauvret\u00e9. C\u2019est-\u00e0-dire, avec moins de\u00a0<strong>1,90 dollars<\/strong>\u00a0par jour, soit environ\u00a0<strong>1000 Fcfa<\/strong>.<\/p>\n<hr\/>\n<h4><strong>>> Lire aussi \u2013 <a title=\"La Banque mondiale d\u00e9plore les salaires bas des agents publics Camerounais\" href=\"https:\/\/ecomatin.net\/la-banque-mondiale-deplore-les-salaires-bas-des-agents-publics-camerounais\/\" target=\"_blank\" rel=\"noopener noreferrer\">La Banque mondiale d\u00e9plore les salaires bas des agents publics Camerounais<\/a><br \/><\/strong><\/h4>\n<hr\/>\n<p>La quatri\u00e8me Enqu\u00eate camerounaise aupr\u00e8s des m\u00e9nages (<strong>Ecam 4<\/strong>) r\u00e9alis\u00e9e par l\u2019Institut national de la statistique\u00a0<strong>(INS<\/strong>) et publi\u00e9e en 2017, elle, \u00e9tablit qu\u2019entre 2001 et 2014, l\u2019incidence de la pauvret\u00e9 n\u2019a recul\u00e9 que de\u00a0<strong>2,7 points<\/strong>, passant de\u00a0<strong>40,2% \u00e0 37,5%.<\/strong>\u00a0\u00ab\u00a0<em>Selon l\u2019approche subjective, qui refl\u00e8te la perception que chaque individu a de sa propre situation comparativement aux autres,\u00a0<strong>56,8%<\/strong>\u00a0de chefs de m\u00e9nage se consid\u00e8rent pauvres ou tr\u00e8s pauvres<\/em>\u00a0\u00bb, note l\u2019enqu\u00eate. Qui attire l\u2019attention sur\u00a0<em>\u00ab l\u2019aggravation des in\u00e9galit\u00e9s qui, en att\u00e9nuant l\u2019impact de la croissance \u00e9conomique, traduit les efforts \u00e0 d\u00e9ployer pour que les mesures de r\u00e9duction de la pauvret\u00e9 d\u00e9j\u00e0 engag\u00e9es ou envisag\u00e9es profitent prioritairement aux populations pauvres ou vuln\u00e9rables<\/em>\u00a0\u00bb.<\/p>\n<p><span class=\"c2\"><strong>Le spectre de f\u00e9vrier 2008\u00a0<\/strong><\/span><\/p>\n<p>En attendant la publication par l\u2019Institut national de la statistique\u00a0<strong>(Ins)<\/strong>\u00a0des chiffres officiels sur l\u2019\u00e9volution des prix \u00e0 la consommation des m\u00e9nages au troisi\u00e8me trimestre 2018 et au premier trimestre 2019, le niveau g\u00e9n\u00e9ral des prix des denr\u00e9es de premi\u00e8re n\u00e9cessit\u00e9 sur le march\u00e9 camerounais est de plus en plus source d\u2019inqui\u00e9tudes.\u00a0En dehors des savons et, dans une moindre mesure, des huiles v\u00e9g\u00e9tales qui connaissent une certaine stabilit\u00e9 du fait, dit-on, de la surproduction de l\u2019industrie locale, il y a une surchauffe des prix qui ne dit pas son nom, y compris sur les produits du cru. Et, avec la chute de la production agricole dans les r\u00e9gions du Nord-Ouest et du Sud-Ouest, il y a \u00e0 craindre que l\u2019inflation ne finisse par d\u00e9passer de loin, \u00e0 moyen, voire \u00e0 court terme, le seuil des\u00a0<strong>3%<\/strong>\u00a0admis par les crit\u00e8res de convergence de la Communaut\u00e9 \u00e9conomique et mon\u00e9taire de l\u2019Afrique centrale (<strong>Cemac)<\/strong>. Un tel niveau de vie serait simplement asphyxiant pour les m\u00e9nages. Dans le contexte actuel de vives tensions politiques et sociopolitiques, il ne serait pas bon que les ingr\u00e9dients d\u2019une nouvelle d\u00e9flagration sociale continuent de se r\u00e9unir.<\/p>\n<hr\/>\n<h4><strong>>> Lire aussi \u2013 <a title=\"Poisson et riz: comment les prix ont augment\u00e9 en catimini\" href=\"https:\/\/ecomatin.net\/poisson-et-riz-comment-les-prix-ont-augmente-en-catimini\/\" target=\"_blank\" rel=\"noopener noreferrer\">Poisson et riz: comment les prix ont augment\u00e9 en catimini<\/a><br \/><\/strong><\/h4>\n<hr\/>\n<p>On est l\u00e0 pratiquement dans la situation d\u2019avant les \u00ab\u00a0<strong>\u00e9meutes de la faim<\/strong>\u00a0\u00bb de\u00a0<strong>f\u00e9vrier 2008<\/strong>, \u00e0 la seule diff\u00e9rence peut-\u00eatre que, la menace de l\u2019augmentation des prix du carburant \u00e0 la pompe qui avait servi d\u2019\u00e9tincelle \u00e0 la crise d\u2019il y a 11 ans n\u2019est pas \u00e0 l\u2019ordre du jour. Mais, apr\u00e8s l\u2019augmentation effective du co\u00fbt de la bi\u00e8re depuis trois semaines, le gouvernement en g\u00e9n\u00e9ral et le minist\u00e8re du Commerce en particulier doit imp\u00e9rativement redoubler de vigilance en termes de contr\u00f4le des prix sur le march\u00e9 des produits de grande consommation. Parce que, \u00e0 la v\u00e9rit\u00e9, l\u2019envol\u00e9e des prix que l\u2019on observe sur le riz et le poisson, pour ne prendre que ces deux exemples, est davantage le fait de commer\u00e7ants v\u00e9reux qui profitent de la faiblesse du dispositif de surveillance du march\u00e9 pour pratiquer une sp\u00e9culation sauvage. Il y a aussi et surtout l\u2019utilisation quasi-g\u00e9n\u00e9ralis\u00e9e, dans des villes comme Yaound\u00e9 et Douala, de balances truqu\u00e9es pour mesurer au kilogramme le poisson, la viande, le riz, la farine, etc., en toute impunit\u00e9. Au point o\u00f9, certains en viennent \u00e0 s\u2019interroger aujourd\u2019hui sur le v\u00e9ritable r\u00f4le d\u2019une structure comme la Brigade nationale de contr\u00f4le et de r\u00e9pression de la fraude, log\u00e9e au minist\u00e8re du Commerce.<\/p>\n<blockquote readability=\"8\">\n<p>les pouvoirs publics doivent \u00e9tablir une nouvelle grille de prix sur les produits agroalimentaires manufactur\u00e9s et les mettre \u00e0 la disposition des consommateurs, afin d\u2019anticiper sur toute vell\u00e9it\u00e9 de soul\u00e8vement<\/p>\n<\/blockquote>\n<p>Pour la pr\u00e9servation de la paix sociale, l\u2019acte du ministre du Commerce, Luc Magloire Mbarga Atangana, de convoquer les responsables du principal importateur du poisson et des autres produits de mer pour voir clair sur la situation de ces denr\u00e9es est salutaire. Mais il devrait \u00e9largir le dialogue avec les acteurs des autres fili\u00e8res, voire m\u00eame les sommer de s\u2019expliquer sur les augmentations abusives auxquelles ils ont proc\u00e9d\u00e9 en catimini ces derniers mois. Au besoin,\u00a0les pouvoirs publics doivent \u00e9tablir une nouvelle grille de prix sur les produits agroalimentaires manufactur\u00e9s et les mettre \u00e0 la disposition des consommateurs, afin d\u2019anticiper sur toute vell\u00e9it\u00e9 de soul\u00e8vement \u00e0 l\u2019image de celui qui a failli faire basculer le Cameroun dans un inacceptable cycle de violence en f\u00e9vrier 2008.<\/p>\n<p><span class=\"c2\"><strong>L\u2019\u00e9chec de la Mirap\u00a0?<\/strong><\/span><\/p>\n<p>L\u2019ann\u00e9e 2019 s\u2019est ouverte sur une surchauffe sur le march\u00e9 des denr\u00e9es alimentaires de grande consommation, aussi bien pour ce qui est des produits du cru que pour ceux de l\u2019agro-industrie. Apr\u00e8s avoir \u00e9t\u00e9 contenus tant bien que mal pendant quelques apr\u00e8s les \u00ab\u00a0<em>\u00e9meutes de la faim<\/em>\u00a0\u00bb de f\u00e9vrier 2008, les prix repartent \u00e0 la hausse \u00e0 une vitesse qui est telle que, si rien n\u2019est fait dans l\u2019urgence par les autorit\u00e9s publiques, l\u2019inflation pourrait, dans un avenir tr\u00e8s proche, devenir asphyxiante pour les m\u00e9nages camerounais, pauvres dans leur immense majorit\u00e9. Les causes principales r\u00e9guli\u00e8rement invoqu\u00e9es pour expliquer l\u2019envol\u00e9e des prix sur le march\u00e9 sont le co\u00fbt du transport,\u00a0\u00a0jug\u00e9 tr\u00e8s \u00e9lev\u00e9 depuis la hausse du carburant \u00e0 la pompe en 2014, et la s\u00e9cheresse. Autre facteur et non des moindres, c\u2019est l\u2019exportation vers les pays voisins, notamment la\u00a0<strong>Guin\u00e9e \u00e9quatoriale<\/strong>\u00a0et le\u00a0<strong>Gabon<\/strong>, des vivres produits au Cameroun, alors m\u00eame qu\u2019il n\u2019y a pas de signe de surabondance de la production. Les vivres ne font certes pas partie des produits dont les prix sont homologu\u00e9s, mais, il faudrait tout de m\u00eame un minimum de contr\u00f4le pour limiter la sp\u00e9culation sauvage. Des efforts ont \u00e9t\u00e9 faits par les pouvoirs publics pour maintenir \u00e0 un niveau raisonnable le co\u00fbt de la vie.<\/p>\n<hr\/>\n<h4><strong>>> Lire aussi \u2013 <a title=\"La bourse des mati\u00e8res premi\u00e8res agricoles aux oubliettes\" href=\"https:\/\/ecomatin.net\/la-bourse-des-matieres-premieres-agricoles-aux-oubliettes\/\" target=\"_blank\" rel=\"noopener noreferrer\">La bourse des mati\u00e8res premi\u00e8res agricoles aux oubliettes<\/a><br \/><\/strong><\/h4>\n<hr\/>\n<p>Cr\u00e9\u00e9e le 1er f\u00e9vrier 2011 par d\u00e9cret pr\u00e9sidentiel, la Mission de r\u00e9gulation des approvisionnements des produits de grande consommation (<strong>Mirap<\/strong>) \u00e9tait charg\u00e9e, en tant que structure d\u2019alerte, de l\u2019achat, de l\u2019importation et du stockage des produits dits de grande consommation, en vue d\u2019un approvisionnement du march\u00e9 dans de meilleures conditions. A ce titre, elle \u00e9tait cens\u00e9e proc\u00e9der \u00e0 l\u2019achat de ces denr\u00e9es \u00e0 des meilleurs prix, afin de constituer des stocks de s\u00e9curit\u00e9, soit directement, soit par l\u2019interm\u00e9diaire de prestataires, etc. Malheureusement, elle n\u2019a pas \u00e9t\u00e9 \u00e0 la hauteur des attentes des consommateurs. Plus grave, elle n\u2019a jamais proc\u00e9d\u00e9 \u00e0 la moindre importation des produits de grande consommation de son portefeuille. Or, c\u2019est dans ce segment-l\u00e0 qu\u2019elle est le plus attendue. Dans son cahier de charges, la Mirap devait implanter 20 march\u00e9s t\u00e9moins p\u00e9riodiques dans les principales m\u00e9tropoles que sont Yaound\u00e9 et Douala, soit 10 par ville, et deux dans chacun des huit autres chefs-lieux de r\u00e9gions. A ce jour, ces march\u00e9s sont rares.<\/p>\n<div class=\"about-author about-author-box container-wrapper\">\n<div class=\"author-avatar\">\n<p><img decoding=\"async\" src=\"http:\/\/\" alt=\"\"\/><\/p>\n<\/div>\n<p><h4>La R\u00e9daction EcoMatin<\/h4>\n<\/p>\n<\/div>\n<div class=\"awac-wrapper awac widget blog_subscription-2\">\n<h4 class=\"widget-title\">Abonnez-vous \u00e0 notre lettre d&rsquo;information<\/h4>\n<\/div>\n<p>Auteur: EcoMatin<br \/>\n<a href=\"https:\/\/ecomatin.net\/vie-chere-quand-les-revenus-des-travailleurs-ne-suivent-pas\/\">Cliquez ici pour lire l&rsquo;article depuis sa source.<\/a><\/p>\n","protected":false},"excerpt":{"rendered":"<p>La derni\u00e8re hausse des salaires des fonctionnaires et agents de l\u2019Etat d\u00e9cid\u00e9e au Cameroun par le pr\u00e9sident de la R\u00e9publique, Paul Biya, date du 07 juillet 2014. Elle \u00e9tait de\u00a05%\u00a0et, comme en avril 2008 o\u00f9 une hausse de\u00a015%\u00a0avait \u00e9t\u00e9 d\u00e9cid\u00e9e pour noyer le poisson, celle-ci \u00e9tait intervenue apr\u00e8s une nouvelle augmentation du prix du carburant [&hellip;]<\/p>\n","protected":false},"author":1969,"featured_media":0,"comment_status":"closed","ping_status":"closed","sticky":false,"template":"","format":"standard","meta":{"fifu_image_url":"","fifu_image_alt":"","footnotes":""},"categories":[82,78],"tags":[],"class_list":["post-23337","post","type-post","status-publish","format-standard","hentry","category-cameroun","category-economie"],"_links":{"self":[{"href":"https:\/\/linitiative.ca\/International\/wp-json\/wp\/v2\/posts\/23337","targetHints":{"allow":["GET"]}}],"collection":[{"href":"https:\/\/linitiative.ca\/International\/wp-json\/wp\/v2\/posts"}],"about":[{"href":"https:\/\/linitiative.ca\/International\/wp-json\/wp\/v2\/types\/post"}],"author":[{"embeddable":true,"href":"https:\/\/linitiative.ca\/International\/wp-json\/wp\/v2\/users\/1969"}],"replies":[{"embeddable":true,"href":"https:\/\/linitiative.ca\/International\/wp-json\/wp\/v2\/comments?post=23337"}],"version-history":[{"count":0,"href":"https:\/\/linitiative.ca\/International\/wp-json\/wp\/v2\/posts\/23337\/revisions"}],"wp:attachment":[{"href":"https:\/\/linitiative.ca\/International\/wp-json\/wp\/v2\/media?parent=23337"}],"wp:term":[{"taxonomy":"category","embeddable":true,"href":"https:\/\/linitiative.ca\/International\/wp-json\/wp\/v2\/categories?post=23337"},{"taxonomy":"post_tag","embeddable":true,"href":"https:\/\/linitiative.ca\/International\/wp-json\/wp\/v2\/tags?post=23337"}],"curies":[{"name":"wp","href":"https:\/\/api.w.org\/{rel}","templated":true}]}}