{"id":23377,"date":"2019-03-21T17:53:54","date_gmt":"2019-03-21T21:53:54","guid":{"rendered":"https:\/\/linitiative.ca\/International\/oujda-campagne-de-sensibilisation-des-eleves-sur-limportance-de-leau-et-la-necessite-de-sa-preservation\/"},"modified":"2019-03-21T17:53:54","modified_gmt":"2019-03-21T21:53:54","slug":"oujda-campagne-de-sensibilisation-des-eleves-sur-limportance-de-leau-et-la-necessite-de-sa-preservation","status":"publish","type":"post","link":"https:\/\/linitiative.ca\/International\/oujda-campagne-de-sensibilisation-des-eleves-sur-limportance-de-leau-et-la-necessite-de-sa-preservation\/","title":{"rendered":"Oujda : Campagne de sensibilisation des \u00e9l\u00e8ves sur l\u2019importance de l\u2019eau et la n\u00e9cessit\u00e9 de sa pr\u00e9servation"},"content":{"rendered":"<div readability=\"36\">\n<p>Une campagne de sensibilisation et de communication sur l\u2019importance de l\u2019eau et la n\u00e9cessit\u00e9 de sa pr\u00e9servation contre le gaspillage et la pollution a \u00e9t\u00e9 lanc\u00e9e, jeudi \u00e0 Oujda, au profit des \u00e9coliers de la capitale de l\u2019Oriental.<\/p>\n<\/div>\n<div readability=\"118\">\n<p>Cette campagne est initi\u00e9e par l\u2019Acad\u00e9mie r\u00e9gionale de l\u2019\u00e9ducation et de la formation (AREF) de l\u2019Oriental et la R\u00e9gie autonome intercommunale de distribution d\u2019eau et d\u2019\u00e9lectricit\u00e9 d\u2019Oujda (RADEEO) \u00e0 l\u2019occasion de la Journ\u00e9e mondiale de l\u2019Eau, c\u00e9l\u00e9br\u00e9e le 22 mars de chaque ann\u00e9e.<\/p>\n<p>La c\u00e9r\u00e9monie de lancement qui a eu lieu \u00e0 l\u2019\u00e9cole \u2019\u2019Al Mountazah d\u2019Oujda\u2019\u2019 a \u00e9t\u00e9 marqu\u00e9e par l\u2019organisation d\u2019une s\u00e9rie d\u2019activit\u00e9s enti\u00e8rement d\u00e9di\u00e9es \u00e0 l\u2019information et \u00e0 la sensibilisation des \u00e9l\u00e8ves \u00e0 l\u2019imp\u00e9ratif de la rationalisation de l\u2019usage de l\u2019eau et sa pr\u00e9servation contre le gaspillage et les effets de la pollution.<\/p>\n<p>Les \u00e9l\u00e8ves ont \u00e9t\u00e9 ainsi au rendez-vous, dans une ambiance bon enfant, avec des ateliers et comp\u00e9titions de dessins sur la protection de l\u2019environnement en g\u00e9n\u00e9ral et de l\u2019eau en particulier, en sus d\u2019autres activit\u00e9s socioculturelles anim\u00e9es par des enseignants et cadres de l\u2019AREF et des professeurs d\u2019arts plastiques.<\/p>\n<p>Ils ont \u00e9galement \u00e9t\u00e9 invit\u00e9s \u00e0 suivre des explications sur les efforts d\u00e9ploy\u00e9s par la RADEEO dans les domaines de la production de l\u2019eau, de contr\u00f4le de sa qualit\u00e9 et de sa distribution, en sus de pr\u00e9sentations sur le r\u00e9seau de distribution d\u2019eau potable de la ville d\u2019Oujda et sur les techniques et mat\u00e9riels de d\u00e9tection de fuites d\u2019eau et de valorisation des eaux us\u00e9es.<\/p>\n<p>Pour les organisateurs, ces activit\u00e9s, qui sont plac\u00e9es sous le signe \u2019\u2019Ensemble pour renforcer le r\u00f4le de l\u2019\u00e9cole citoyenne dans la gestion des ressources en eau et leur protection contre la pollution\u2019\u2019, ambitionnent d\u2019attirer l\u2019attention et de promouvoir la prise de conscience chez les \u00e9l\u00e8ves quant au r\u00f4le essentiel de l\u2019eau dans le maintien de la vie sur notre plan\u00e8te et de la n\u00e9cessit\u00e9 de la gestion durable de cette pr\u00e9cieuse ressource et sa pr\u00e9servation contre le gaspillage.<\/p>\n<p><img class=\"aligncenter wp-image-11023\" data-src=\"http:\/\/www.mapoujda.ma\/map\/uploads\/2019\/03\/l\u2019\u00e9cole-Al-Mountazah-d\u2019Oujda.jpg\" alt=\"\" width=\"523\" height=\"300\" srcset=\"http:\/\/www.mapoujda.ma\/map\/uploads\/2019\/03\/l\u2019\u00e9cole-Al-Mountazah-d\u2019Oujda.jpg 750w, http:\/\/www.mapoujda.ma\/map\/uploads\/2019\/03\/l\u2019\u00e9cole-Al-Mountazah-d\u2019Oujda-300x172.jpg 300w\" sizes=\"(max-width: 523px) 100vw, 523px\"\/><\/p>\n<p>Pour Mounia Mouzouri, pr\u00e9sidente du Centre r\u00e9gional de documentation, d\u2019animation, et de production p\u00e9dagogique (CRDAPP), cette manifestation organis\u00e9e en c\u00e9l\u00e9bration de la Journ\u00e9e mondiale de l\u2019eau par l\u2019AREF de l\u2019Oriental et la RADEEO \u00e0 l\u2019\u00e9cole \u2018\u2019Mountazah Oujda\u2019\u2019 qui est candidate cette ann\u00e9e \u00e0 l\u2019obtention du label \u00ab\u00a0Pavillon Vert\u00a0\u00bb dans le cade du programme des \u00e9coles \u00e9cologiques, se distingue par la richesse et la diversit\u00e9 des activit\u00e9s traitant de la th\u00e9matique de l\u2019eau et de l\u2019environnement.<\/p>\n<p>L\u2019objectif et de faire en sorte que les \u00e9l\u00e8ves s\u2019approprient les messages v\u00e9hicul\u00e9s lors de cette journ\u00e9e concernant l\u2019impact de la consommation excessive de l\u2019eau et l\u2019importance de la pr\u00e9servation de cette denr\u00e9e vitale en particulier, et de la protection de l\u2019environnement en g\u00e9n\u00e9ral, a-t-elle soulign\u00e9.<\/p>\n<p>Mettant l\u2019accent sur les efforts d\u00e9ploy\u00e9s dans ce sens par l\u2019AREF, Mme Mouzouri a fait savoir que cette manifestation sera suivie par une vaste campagne dans l\u2019ensemble des directions relevant de l\u2019Acad\u00e9mie pour inculquer aux g\u00e9n\u00e9rations montantes les valeurs de respect de l\u2019environnement et de les sensibiliser \u00e0 l\u2019\u00e9conomie de l\u2019eau et son r\u00f4le capitale pour le d\u00e9veloppement durable.<\/p>\n<p>De son c\u00f4t\u00e9, Salah Eddine Laghzaou, responsable du service communication \u00e0 la RADEEO, a relev\u00e9 que, \u00e0 l\u2019instar des ann\u00e9es pr\u00e9c\u00e9dentes et fid\u00e8le \u00e0 la strat\u00e9gie d\u2019ouverture sur son environnement, la R\u00e9gie a tenu \u00e0 participer \u00e0 la c\u00e9l\u00e9bration de cette Journ\u00e9e pour expliquer aux \u00e9l\u00e8ves ses activit\u00e9s et sa missions, et les sensibiliser \u00e0 l\u2019importance d\u2019une utilisation rationalis\u00e9e de l\u2019eau..<\/p>\n<p>Pour lui, cette rencontre a constitu\u00e9 une opportunit\u00e9 pour les cadres et techniciens de la RADEEO afin d\u2019expliquer aux enfants toutes les \u00e9tapes qui pr\u00e9c\u00e8dent l\u2019arriv\u00e9e de la premi\u00e8re goutte d\u2019eau dans les foyers, et qui n\u00e9cessitent de grands efforts et mobilisent, des fois, des investissements consid\u00e9rables.<\/p>\n<p>L\u2019initiative de la c\u00e9l\u00e9bration d\u2019une Journ\u00e9e mondiale de l\u2019eau remonte \u00e0 la Conf\u00e9rence des Nations unies sur l\u2019environnement et le d\u00e9veloppement, tenue \u00e0 Rio de Janeiro en 1992. Son objectif est d\u2019attirer l\u2019attention sur l\u2019importance de l\u2019eau et de promouvoir la gestion durable des ressources en eau douce.<\/p>\n<p>La Journ\u00e9e mondiale de l\u2019eau 2019 a pour th\u00e8me \u00abNe laisser personne de c\u00f4t\u00e9\u00bb. Il s\u2019agit d\u2019une adaptation de la principale promesse du Programme de d\u00e9veloppement durable \u00e0 l\u2019horizon 2030 : tout le monde doit pouvoir b\u00e9n\u00e9ficier des progr\u00e8s accomplis en mati\u00e8re de d\u00e9veloppement durable.<\/p>\n<\/div>\n<p>Auteur: Soufiane ELAHMAR<br \/>\n<a href=\"http:\/\/www.mapoujda.ma\/fr\/oujda-campagne-de-sensibilisation-des-eleves-sur-limportance-de-leau-et-la-necessite-de-sa-preservation\/\">Cliquez ici pour lire l&rsquo;article depuis sa source.<\/a><\/p>\n","protected":false},"excerpt":{"rendered":"<p>Une campagne de sensibilisation et de communication sur l\u2019importance de l\u2019eau et la n\u00e9cessit\u00e9 de sa pr\u00e9servation contre le gaspillage et la pollution a \u00e9t\u00e9 lanc\u00e9e, jeudi \u00e0 Oujda, au profit des \u00e9coliers de la capitale de l\u2019Oriental. Cette campagne est initi\u00e9e par l\u2019Acad\u00e9mie r\u00e9gionale de l\u2019\u00e9ducation et de la formation (AREF) de l\u2019Oriental et [&hellip;]<\/p>\n","protected":false},"author":1788,"featured_media":23378,"comment_status":"closed","ping_status":"closed","sticky":false,"template":"","format":"standard","meta":{"fifu_image_url":"","fifu_image_alt":"","footnotes":""},"categories":[54,76],"tags":[],"class_list":["post-23377","post","type-post","status-publish","format-standard","has-post-thumbnail","hentry","category-maroc","category-regions"],"_links":{"self":[{"href":"https:\/\/linitiative.ca\/International\/wp-json\/wp\/v2\/posts\/23377","targetHints":{"allow":["GET"]}}],"collection":[{"href":"https:\/\/linitiative.ca\/International\/wp-json\/wp\/v2\/posts"}],"about":[{"href":"https:\/\/linitiative.ca\/International\/wp-json\/wp\/v2\/types\/post"}],"author":[{"embeddable":true,"href":"https:\/\/linitiative.ca\/International\/wp-json\/wp\/v2\/users\/1788"}],"replies":[{"embeddable":true,"href":"https:\/\/linitiative.ca\/International\/wp-json\/wp\/v2\/comments?post=23377"}],"version-history":[{"count":0,"href":"https:\/\/linitiative.ca\/International\/wp-json\/wp\/v2\/posts\/23377\/revisions"}],"wp:featuredmedia":[{"embeddable":true,"href":"https:\/\/linitiative.ca\/International\/wp-json\/"}],"wp:attachment":[{"href":"https:\/\/linitiative.ca\/International\/wp-json\/wp\/v2\/media?parent=23377"}],"wp:term":[{"taxonomy":"category","embeddable":true,"href":"https:\/\/linitiative.ca\/International\/wp-json\/wp\/v2\/categories?post=23377"},{"taxonomy":"post_tag","embeddable":true,"href":"https:\/\/linitiative.ca\/International\/wp-json\/wp\/v2\/tags?post=23377"}],"curies":[{"name":"wp","href":"https:\/\/api.w.org\/{rel}","templated":true}]}}