{"id":23393,"date":"2019-03-22T15:14:21","date_gmt":"2019-03-22T19:14:21","guid":{"rendered":"https:\/\/linitiative.ca\/International\/international-manchester-united-de-gea-en-plein-doute-pour-son-avenir\/"},"modified":"2019-03-22T15:14:21","modified_gmt":"2019-03-22T19:14:21","slug":"international-manchester-united-de-gea-en-plein-doute-pour-son-avenir","status":"publish","type":"post","link":"https:\/\/linitiative.ca\/International\/international-manchester-united-de-gea-en-plein-doute-pour-son-avenir\/","title":{"rendered":"International : Manchester United: De Gea en plein doute pour son avenir ?"},"content":{"rendered":"<div readability=\"32\">\n<p>Auteur : <span class=\"time\">vendredi 22 mars 2019 16:03<\/span><\/p>\n<\/div>\n<div id=\"post_core\" readability=\"45\">\n<p>David De Gea nourrit beaucoup de regrets depuis son transfert avort\u00e9 au Real Madrid en 2015, qui s\u2019est jou\u00e9 dans les derni\u00e8res minutes du mercato. Mais les Merengue ne semblent pas l\u2019avoir oubli\u00e9. Thibaut Courtois, recrut\u00e9 cet \u00e9t\u00e9, pourrait quitter le club un an apr\u00e8s son arriv\u00e9e. En effet, selon The Sun, la direction madril\u00e8ne aurait propos\u00e9 un \u00e9change avec Manchester United l\u2019\u00e9t\u00e9 prochain. Une transaction qui pourrait ravir l\u2019Espagnol.D\u2019apr\u00e8s The Evening Standard, David De Gea douterait de la capacit\u00e9 de Manchester United \u00e0 lui garantir de belles ann\u00e9es \u00e0 venir. De plus, les n\u00e9gociations pour sa prolongation de contrat seraient toujours au point mort. D\u2019un c\u00f4t\u00e9, le clan De Gea refuserait pour le moment de signer une prolongation et de l\u2019autre, les dirigeants anglais voudraient le prolonger avant de le vendre. Son contrat prenant fin en juin 2020 (Manchester a activ\u00e9 une option d\u2019un an suppl\u00e9mentaire), les Red Devils voudraient \u00e9viter de s\u2019en s\u00e9parer gratuitement l\u2019ann\u00e9e prochaine rapporte Le 10 Sport.<\/p>\n<p><strong>Publi\u00e9 dans :<\/strong> <span>De Gea<\/span><\/p>\n<\/div>\n<p>Auteur:<br \/>\n<a href=\"http:\/\/www.lebuteur.com\/article\/detail?titre=manchester-united-de-gea-en-plein-doute-pour-son-avenir&#038;id=87367&#038;utm_source=feedburner&#038;utm_medium=feed&#038;utm_campaign=Feed%3A+GalerieFArtciles+%28Les+derniers+articles++-+lebuteur.com%29\">Cliquez ici pour lire l&rsquo;article depuis sa source.<\/a><\/p>\n","protected":false},"excerpt":{"rendered":"<p>Auteur : vendredi 22 mars 2019 16:03 David De Gea nourrit beaucoup de regrets depuis son transfert avort\u00e9 au Real Madrid en 2015, qui s\u2019est jou\u00e9 dans les derni\u00e8res minutes du mercato. Mais les Merengue ne semblent pas l\u2019avoir oubli\u00e9. Thibaut Courtois, recrut\u00e9 cet \u00e9t\u00e9, pourrait quitter le club un an apr\u00e8s son arriv\u00e9e. En [&hellip;]<\/p>\n","protected":false},"author":1738,"featured_media":23394,"comment_status":"closed","ping_status":"closed","sticky":false,"template":"","format":"standard","meta":{"fifu_image_url":"","fifu_image_alt":"","footnotes":""},"categories":[53,75],"tags":[],"class_list":["post-23393","post","type-post","status-publish","format-standard","has-post-thumbnail","hentry","category-algerie","category-sport"],"_links":{"self":[{"href":"https:\/\/linitiative.ca\/International\/wp-json\/wp\/v2\/posts\/23393","targetHints":{"allow":["GET"]}}],"collection":[{"href":"https:\/\/linitiative.ca\/International\/wp-json\/wp\/v2\/posts"}],"about":[{"href":"https:\/\/linitiative.ca\/International\/wp-json\/wp\/v2\/types\/post"}],"author":[{"embeddable":true,"href":"https:\/\/linitiative.ca\/International\/wp-json\/wp\/v2\/users\/1738"}],"replies":[{"embeddable":true,"href":"https:\/\/linitiative.ca\/International\/wp-json\/wp\/v2\/comments?post=23393"}],"version-history":[{"count":0,"href":"https:\/\/linitiative.ca\/International\/wp-json\/wp\/v2\/posts\/23393\/revisions"}],"wp:featuredmedia":[{"embeddable":true,"href":"https:\/\/linitiative.ca\/International\/wp-json\/"}],"wp:attachment":[{"href":"https:\/\/linitiative.ca\/International\/wp-json\/wp\/v2\/media?parent=23393"}],"wp:term":[{"taxonomy":"category","embeddable":true,"href":"https:\/\/linitiative.ca\/International\/wp-json\/wp\/v2\/categories?post=23393"},{"taxonomy":"post_tag","embeddable":true,"href":"https:\/\/linitiative.ca\/International\/wp-json\/wp\/v2\/tags?post=23393"}],"curies":[{"name":"wp","href":"https:\/\/api.w.org\/{rel}","templated":true}]}}