{"id":23395,"date":"2019-03-22T15:14:23","date_gmt":"2019-03-22T19:14:23","guid":{"rendered":"https:\/\/linitiative.ca\/International\/mercato-psg-le-real-madrid-aurait-un-plan-a-300me-pour-neymar\/"},"modified":"2019-03-22T15:14:23","modified_gmt":"2019-03-22T19:14:23","slug":"mercato-psg-le-real-madrid-aurait-un-plan-a-300me-pour-neymar","status":"publish","type":"post","link":"https:\/\/linitiative.ca\/International\/mercato-psg-le-real-madrid-aurait-un-plan-a-300me-pour-neymar\/","title":{"rendered":"Mercato : PSG: Le Real Madrid aurait un plan \u00e0 300M\u20ac pour Neymar !"},"content":{"rendered":"<div readability=\"32\">\n<p>Auteur : <span class=\"time\">vendredi 22 mars 2019 16:05<\/span><\/p>\n<\/div>\n<div id=\"post_core\" readability=\"39\">\n<p>C\u2019est une petite bombe qu\u2019a l\u00e2ch\u00e9e le m\u00e9dia ib\u00e9rique Ok Diario ces derni\u00e8res heures : lass\u00e9 par sa situation sportive au PSG et le manque de comp\u00e9titivit\u00e9 du club de la capitale fran\u00e7aise sur le plan europ\u00e9en, Neymar voudrait absolument rejoindre le Real Madrid lors du prochain mercato estival. Et face \u00e0 la complexit\u00e9 du dossier, le club espagnol ainsi que l\u2019entourage de Neymar auraient \u00e9labor\u00e9 une strat\u00e9gie pour boucler l\u2019op\u00e9ration. Ok Diario pr\u00e9cise que Neymar serait dispos\u00e9 \u00e0 revenir le plus tard possible de blessure afin de disputer un nombre de matchs limit\u00e9s avec le PSG d\u2019ici la fin de la saison. Du coup, l\u2019attaquant br\u00e9silien serait davantage en position de force pour r\u00e9clamer un bon de sortie, d\u2019autant que le Real Madrid voudrait mettre 300M\u20ac sur la table afin de convaincre le PSG de lui c\u00e9der Neymar. Pas s\u00fbr que Nasser Al-Khela\u00effi accepte de le laisser filer pour autant rapporte Le 10 Sport.<\/p>\n<p><strong>Publi\u00e9 dans :<\/strong> <span>neymar<\/span><\/p>\n<\/div>\n<p>Auteur:<br \/>\n<a href=\"http:\/\/www.lebuteur.com\/article\/detail?titre=psg-le-real-madrid-aurait-un-plan-a-300m%E2%82%AC-pour-neymar&#038;id=87368&#038;utm_source=feedburner&#038;utm_medium=feed&#038;utm_campaign=Feed%3A+GalerieFArtciles+%28Les+derniers+articles++-+lebuteur.com%29\">Cliquez ici pour lire l&rsquo;article depuis sa source.<\/a><\/p>\n","protected":false},"excerpt":{"rendered":"<p>Auteur : vendredi 22 mars 2019 16:05 C\u2019est une petite bombe qu\u2019a l\u00e2ch\u00e9e le m\u00e9dia ib\u00e9rique Ok Diario ces derni\u00e8res heures : lass\u00e9 par sa situation sportive au PSG et le manque de comp\u00e9titivit\u00e9 du club de la capitale fran\u00e7aise sur le plan europ\u00e9en, Neymar voudrait absolument rejoindre le Real Madrid lors du prochain mercato [&hellip;]<\/p>\n","protected":false},"author":1738,"featured_media":23396,"comment_status":"closed","ping_status":"closed","sticky":false,"template":"","format":"standard","meta":{"fifu_image_url":"","fifu_image_alt":"","footnotes":""},"categories":[53,75],"tags":[],"class_list":["post-23395","post","type-post","status-publish","format-standard","has-post-thumbnail","hentry","category-algerie","category-sport"],"_links":{"self":[{"href":"https:\/\/linitiative.ca\/International\/wp-json\/wp\/v2\/posts\/23395","targetHints":{"allow":["GET"]}}],"collection":[{"href":"https:\/\/linitiative.ca\/International\/wp-json\/wp\/v2\/posts"}],"about":[{"href":"https:\/\/linitiative.ca\/International\/wp-json\/wp\/v2\/types\/post"}],"author":[{"embeddable":true,"href":"https:\/\/linitiative.ca\/International\/wp-json\/wp\/v2\/users\/1738"}],"replies":[{"embeddable":true,"href":"https:\/\/linitiative.ca\/International\/wp-json\/wp\/v2\/comments?post=23395"}],"version-history":[{"count":0,"href":"https:\/\/linitiative.ca\/International\/wp-json\/wp\/v2\/posts\/23395\/revisions"}],"wp:featuredmedia":[{"embeddable":true,"href":"https:\/\/linitiative.ca\/International\/wp-json\/"}],"wp:attachment":[{"href":"https:\/\/linitiative.ca\/International\/wp-json\/wp\/v2\/media?parent=23395"}],"wp:term":[{"taxonomy":"category","embeddable":true,"href":"https:\/\/linitiative.ca\/International\/wp-json\/wp\/v2\/categories?post=23395"},{"taxonomy":"post_tag","embeddable":true,"href":"https:\/\/linitiative.ca\/International\/wp-json\/wp\/v2\/tags?post=23395"}],"curies":[{"name":"wp","href":"https:\/\/api.w.org\/{rel}","templated":true}]}}