{"id":23446,"date":"2019-03-22T11:05:06","date_gmt":"2019-03-22T15:05:06","guid":{"rendered":"https:\/\/linitiative.ca\/International\/la-nouvelle-du-vendredi-que-veut-il-cet-homme\/"},"modified":"2019-03-22T11:05:06","modified_gmt":"2019-03-22T15:05:06","slug":"la-nouvelle-du-vendredi-que-veut-il-cet-homme","status":"publish","type":"post","link":"https:\/\/linitiative.ca\/International\/la-nouvelle-du-vendredi-que-veut-il-cet-homme\/","title":{"rendered":"LA NOUVELLE DU VENDREDI :  Que veut-il  cet homme ?"},"content":{"rendered":"<p><img decoding=\"async\" class=\"post_layout_5_img\" src=\"http:\/\/lepays.bf\/wp-content\/uploads\/2017\/07\/lepaysresponsive.png\" alt=\"LA NOUVELLE DU VENDREDI : Que veut-il cet homme ?\"\/><\/p>\n<p class=\"c4\"><em>J\u2019avais d\u00e9cid\u00e9 ce dimanche de rendre visite \u00e0 ma tante Rosa et sa fille M\u00e9lia. Il faut dire qu\u2019avec ma jeune ni\u00e8ce M\u00e9lias, une professeure d\u2019histoire de 23 ans, nous nous entendons bien. Et M\u00e9lia connaissant mon adh\u00e9sion pour les \u00e9changes sans barri\u00e8res, ne manque jamais une occasion de m\u2019entra\u00eener dans des discussions anim\u00e9es et passionnantes.<\/em><br \/><em>Apr\u00e8s un parcours scolaire et universitaire sans faute, \u00e0 24 ans, M\u00e9lia travaille \u00e0 pr\u00e9sent dans un coll\u00e8ge de la ville de Bobo-Dioulasso. Assis sur la terrasse de leur maison, nous mangions un bon plat de chenilles lorsque son portable sonna. Intentionnellement, elle laissa l\u2019appareil sonn\u00e9 un temps et sans d\u00e9crocher.<\/em><br \/><em>&#8211; Oncle, que me veut-il cet homme\u00a0?<\/em><br \/><em>Je ne savais pas de quoi elle parlait.<\/em><br \/><em>&#8211; De quel homme me parles-tu\u00a0?<\/em><br \/><em>&#8211; Tonton, tu as certainement oubli\u00e9, mais une fois, je t\u2019ai parl\u00e9 de Gildas.<\/em><\/p>\n<p class=\"c4\"><em>Ce nom me disait quelque chose mais je l\u2019avais certainement oubli\u00e9.<\/em><br \/><em>Alors M\u00e9lias se donna la peine de me rafra\u00eechir la m\u00e9moire.<\/em><br \/><em>&#8211; Gildas et moi, c\u2019est une vieille histoire. Nous nous sommes fr\u00e9quent\u00e9s pendant trois ann\u00e9es sans v\u00e9ritable projet de mariage. Une sorte d\u2019histoire sentimentale et d\u2019amiti\u00e9 sans vision et sans destination. Un soir, il m\u2019a annonc\u00e9 son mariage avec une autre fille et cela ne m\u2019a fait ni froid ni chaud car j\u2019\u00e9tais lucide sur notre relation. Je lui souhaitai<\/em><br \/><em>heureux m\u00e9nage\u00a0!\u00a0 Tout compte fait, je pr\u00e9f\u00e9rais ainsi tourner la page. Cela fait deux ann\u00e9es que Gildas est mari\u00e9 avec en prime un b\u00e9b\u00e9. Nous nous appelions souvent au t\u00e9l\u00e9phone. Un soir, il m\u2019appela et souhaita me rencontrer. J\u2019\u00e9tais h\u00e9sitante, mais il me convainquit qu\u2019il traversait une p\u00e9riode difficile et souhaitait mon soutien au nom de notre vieille amiti\u00e9. J\u2019ai eu tort de l\u2019\u00e9couter. Sans me dire ouvertement les choses, il m\u2019avoua avoir fait la plus grosse b\u00eatise de sa vie en \u00e9pousant une autre fille qui se trouve \u00eatre le contraire de ce qu\u2019il imaginait. Une sorte de mea-culpa dans le tard avec son enfant. Lorsque je lui posai la question de savoir ce que je peux faire pour l\u2019aider, il me confia\u00a0:<\/em><br \/><em>&#8211; C\u2019est toi que j\u2019aurai d\u00fb \u00e9pouser. Qu\u2019est-ce qui m\u2019a pris\u00a0? Je crois que j\u2019\u00e9tais simplement fou ou aveugle\u2026<\/em><br \/><em>&#8211; C\u2019est tard Gildas et il faut que tu l\u2019acceptes. Je vais \u00eatre tr\u00e8s claire avec toi, le pass\u00e9 est le pass\u00e9 et jamais, je ne jouerai le r\u00f4le de ma\u00eetresse. Tu connais mes principes. Et je crois que pour t\u2019aider et te conseiller, il te faut une autre personne. Lui ai-je dit ce jour.<\/em><br \/><em>Seulement, Gildas ne veut pas entendre cela. Sous pr\u00e9texte que nous pouvons nous voir de temps en temps par pure amiti\u00e9, il ne cesse de m\u2019appeler.<\/em><br \/><em>Souvent, je me demande tonton. Que veut-il vraiment cet homme\u00a0?<\/em><br \/><em>Je ne savais que r\u00e9pondre.<\/em><br \/><em>Tante Rosa qui venait d\u2019entrer dans la maison, confisqua la parole.<\/em><br \/><em>&#8211; M\u00e9lia, si c\u2019est de Gildas que tu parles, laisse-moi te r\u00e9pondre franchement. Cet homme ne veut rien et ne souhaite que te cr\u00e9er des ennuis. Il est temps de prendre ton courage et de tourner la page. La vie est faite de choix et chacun doit assumer le sien avec toutes ses cons\u00e9quences ou avantages. Si cet homme avait voulu de toi, c\u2019est toi qu\u2019il aurait choisi. Mais du moment qu\u2019il a pr\u00e9f\u00e9r\u00e9 une autre que toi\u2026 et bien, qu\u2019il assume.<\/em><br \/><em>Je ne sais pas si M\u00e9lia suivra le conseil de tante Rosa mais je partageai avec elle le fond de ma pens\u00e9e\u00a0: \u00ab\u00a0Une belle amiti\u00e9 peut \u00e9voluer vers l\u2019amour. Mais il faut beaucoup de gymnastique et d\u2019habilit\u00e9 pour transformer l\u2019amour en amiti\u00e9.\u00a0\u00bb<\/em><\/p>\n<p class=\"c4\"><strong>Ousseni NIKIEMA<\/strong><br \/><strong>T\u00e9l.\u00a0: 70 13 25 96<\/strong><br \/><strong>lescontesdedunia@yahoo.fr<\/strong><\/p>\n<p>Auteur: Le Pays<br \/>\n<a href=\"http:\/\/lepays.bf\/la-nouvelle-du-vendredi-que-veut-il-cet-homme\/\">Cliquez ici pour lire l&rsquo;article depuis sa source.<\/a><\/p>\n","protected":false},"excerpt":{"rendered":"<p>J\u2019avais d\u00e9cid\u00e9 ce dimanche de rendre visite \u00e0 ma tante Rosa et sa fille M\u00e9lia. Il faut dire qu\u2019avec ma jeune ni\u00e8ce M\u00e9lias, une professeure d\u2019histoire de 23 ans, nous nous entendons bien. Et M\u00e9lia connaissant mon adh\u00e9sion pour les \u00e9changes sans barri\u00e8res, ne manque jamais une occasion de m\u2019entra\u00eener dans des discussions anim\u00e9es et [&hellip;]<\/p>\n","protected":false},"author":1813,"featured_media":23447,"comment_status":"closed","ping_status":"closed","sticky":false,"template":"","format":"standard","meta":{"fifu_image_url":"","fifu_image_alt":"","footnotes":""},"categories":[73,81],"tags":[],"class_list":["post-23446","post","type-post","status-publish","format-standard","has-post-thumbnail","hentry","category-actualite","category-burkina-faso"],"_links":{"self":[{"href":"https:\/\/linitiative.ca\/International\/wp-json\/wp\/v2\/posts\/23446","targetHints":{"allow":["GET"]}}],"collection":[{"href":"https:\/\/linitiative.ca\/International\/wp-json\/wp\/v2\/posts"}],"about":[{"href":"https:\/\/linitiative.ca\/International\/wp-json\/wp\/v2\/types\/post"}],"author":[{"embeddable":true,"href":"https:\/\/linitiative.ca\/International\/wp-json\/wp\/v2\/users\/1813"}],"replies":[{"embeddable":true,"href":"https:\/\/linitiative.ca\/International\/wp-json\/wp\/v2\/comments?post=23446"}],"version-history":[{"count":0,"href":"https:\/\/linitiative.ca\/International\/wp-json\/wp\/v2\/posts\/23446\/revisions"}],"wp:featuredmedia":[{"embeddable":true,"href":"https:\/\/linitiative.ca\/International\/wp-json\/"}],"wp:attachment":[{"href":"https:\/\/linitiative.ca\/International\/wp-json\/wp\/v2\/media?parent=23446"}],"wp:term":[{"taxonomy":"category","embeddable":true,"href":"https:\/\/linitiative.ca\/International\/wp-json\/wp\/v2\/categories?post=23446"},{"taxonomy":"post_tag","embeddable":true,"href":"https:\/\/linitiative.ca\/International\/wp-json\/wp\/v2\/tags?post=23446"}],"curies":[{"name":"wp","href":"https:\/\/api.w.org\/{rel}","templated":true}]}}