{"id":23448,"date":"2019-03-22T11:08:37","date_gmt":"2019-03-22T15:08:37","guid":{"rendered":"https:\/\/linitiative.ca\/International\/presidentielle-2020-le-fac-soutient-roch-marc-christian-kabore\/"},"modified":"2019-03-22T11:08:37","modified_gmt":"2019-03-22T15:08:37","slug":"presidentielle-2020-le-fac-soutient-roch-marc-christian-kabore","status":"publish","type":"post","link":"https:\/\/linitiative.ca\/International\/presidentielle-2020-le-fac-soutient-roch-marc-christian-kabore\/","title":{"rendered":"PRESIDENTIELLE 2020 :  Le FAC soutient Roch Marc Christian Kabor\u00e9"},"content":{"rendered":"<p><img decoding=\"async\" class=\"post_layout_5_img\" src=\"http:\/\/lepays.bf\/wp-content\/uploads\/2019\/03\/FAC.jpg\" alt=\"PRESIDENTIELLE 2020 : Le FAC soutient Roch Marc Christian Kabor\u00e9\"\/><\/p>\n<p class=\"c4\"><strong>Le Front africain pour le changement (FAC), l\u2019un des nouveaux partis politiques du Burkina Faso, a anim\u00e9 une conf\u00e9rence de presse le 21 mars 2019, \u00e0 Ouagadougou. Ce fut l\u2019occasion, pour ses premiers responsables, de pr\u00e9senter le\u00a0\u00ab\u00a0b\u00e9b\u00e9\u00a0\u00bb aux journalistes. Le parti qui se r\u00e9clame de la social-d\u00e9mocratie dit \u00eatre de la mouvance pr\u00e9sidentielle et entend accompagner les projets et programmes que compte mettre en \u0153uvre le chef de l\u2019Etat, Roch Marc Christian Kabor\u00e9. D\u2019ailleurs, le FAC, dirig\u00e9 par Ouss\u00e9ni Nacanabo dit Y\u00f4r\u00f4, soutiendra la candidature du pr\u00e9sident Kabor\u00e9 \u00e0 l\u2019\u00e9lection pr\u00e9sidentielle, mais pr\u00e9sentera des candidats aux \u00e9lections l\u00e9gislatives et municipales en 2020.<\/strong><\/p>\n<p class=\"c4\"><em>Port\u00e9 sur les fonts baptismaux le 3 d\u00e9cembre 2018, le Front africain pour le changement (FAC) a \u00e9t\u00e9 pr\u00e9sent\u00e9 \u00e0 l\u2019opinion nationale le 21 mars 2019, \u00e0 Ouagadougou. C\u2019\u00e9tait au cours d\u2019une conf\u00e9rence de presse anim\u00e9e par les premiers responsables dudit parti. R\u00e9agissant \u00e0 une question relative \u00e0 l\u2019incident survenu lors du s\u00e9jour, \u00e0 Ouahigouya, du pr\u00e9sident par int\u00e9rim du Mouvement dit peuple pour le progr\u00e8s (MPP), Simon Compaor\u00e9, le 13 mars 2019, Ouss\u00e9ni Nacanabo dit Y\u00f4r\u00f4 a laiss\u00e9 entendre\u00a0que \u00abdans cet incident, beaucoup voient la main du pr\u00e9sident du FAC. M. Simon Compaor\u00e9 est avant tout un Burkinab\u00e8 qui a rendu beaucoup de services \u00e0 la Nation. Que vous l\u2019aimiez ou pas, il a travaill\u00e9 pour son pays. Ce sont des militants du MPP qui ont pos\u00e9 l\u2019acte. Tout Burkinab\u00e8 sait que moi, je n\u2019\u00e9tais pas \u00e0 Ouahigouya ce jour-l\u00e0. Nous n\u2019avons pas de probl\u00e8me avec Simon Compaor\u00e9. Si Simon Compaor\u00e9 d\u00e9cide de repartir \u00e0 Ouahigouya, les membres du FAC l\u2019accueilleront \u00e0 bras ouverts\u00bb. Mais avant, Ouss\u00e9ni Nacanabo a pr\u00e9sent\u00e9 le parti \u00e0 l\u2019opinion nationale et internationale.<\/em><\/p>\n<p><strong>Encourager le gouvernement de Christophe Dabir\u00e9<\/strong><\/p>\n<p class=\"c4\"><em>De cette pr\u00e9sentation, l\u2019on retient qu\u2019au plan politique, le FAC se r\u00e9clame de la social-d\u00e9mocratie et compte travailler aux c\u00f4t\u00e9s des partis politiques membres de l\u2019Alliance des partis de la majorit\u00e9 pr\u00e9sidentielle (APMP). Pour cette raison, le parti soutiendra la candidature du pr\u00e9sident Roch Marc Christian Kabor\u00e9 \u00e0 l\u2019\u00e9lection pr\u00e9sidentielle de 2020, dont le travail produit des \u00ab r\u00e9sultats satisfaisants \u00bb depuis son accession au pouvoir d\u2019Etat. Signalons qu\u2019au cours de ce face-\u00e0-face avec les hommes et les femmes de m\u00e9dias, le pr\u00e9sident du FAC a condamn\u00e9 avec la \u00abderni\u00e8re \u00e9nergie les actes barbares de violences\u00a0\u00bb r\u00e9p\u00e9t\u00e9s contre le Burkina Faso, occasionnant des morts \u00e7\u00e0 et l\u00e0 depuis l\u2019arriv\u00e9e au pouvoir du Mouvement du peuple pour le progr\u00e8s (MPP). Ce fut l\u2019occasion, pour Ouss\u00e9ni Nacanabo, au nom du FAC, d\u2019exprimer \u00ab sa compassion aux familles endeuill\u00e9es, de formuler ses v\u0153ux de prompt r\u00e9tablissement \u00e0 l\u2019endroit des bless\u00e9s, d\u2019encourager le gouvernement de Christophe Dabir\u00e9 \u00e0 relever d\u2019urgence les d\u00e9fis s\u00e9curitaires, et de soutenir les Forces de d\u00e9fense et de s\u00e9curit\u00e9 qui sont sur le terrain de la bataille contre les forces du mal \u00bb.<\/em><\/p>\n<p><strong>Issa SIGUIRE<\/strong><\/p>\n<p>Auteur: Le Pays<br \/>\n<a href=\"http:\/\/lepays.bf\/presidentielle-2020-le-fac-soutient-roch-marc-christian-kabore\/\">Cliquez ici pour lire l&rsquo;article depuis sa source.<\/a><\/p>\n","protected":false},"excerpt":{"rendered":"<p>Le Front africain pour le changement (FAC), l\u2019un des nouveaux partis politiques du Burkina Faso, a anim\u00e9 une conf\u00e9rence de presse le 21 mars 2019, \u00e0 Ouagadougou. Ce fut l\u2019occasion, pour ses premiers responsables, de pr\u00e9senter le\u00a0\u00ab\u00a0b\u00e9b\u00e9\u00a0\u00bb aux journalistes. Le parti qui se r\u00e9clame de la social-d\u00e9mocratie dit \u00eatre de la mouvance pr\u00e9sidentielle et entend [&hellip;]<\/p>\n","protected":false},"author":1813,"featured_media":23449,"comment_status":"closed","ping_status":"closed","sticky":false,"template":"","format":"standard","meta":{"fifu_image_url":"","fifu_image_alt":"","footnotes":""},"categories":[73,81],"tags":[],"class_list":["post-23448","post","type-post","status-publish","format-standard","has-post-thumbnail","hentry","category-actualite","category-burkina-faso"],"_links":{"self":[{"href":"https:\/\/linitiative.ca\/International\/wp-json\/wp\/v2\/posts\/23448","targetHints":{"allow":["GET"]}}],"collection":[{"href":"https:\/\/linitiative.ca\/International\/wp-json\/wp\/v2\/posts"}],"about":[{"href":"https:\/\/linitiative.ca\/International\/wp-json\/wp\/v2\/types\/post"}],"author":[{"embeddable":true,"href":"https:\/\/linitiative.ca\/International\/wp-json\/wp\/v2\/users\/1813"}],"replies":[{"embeddable":true,"href":"https:\/\/linitiative.ca\/International\/wp-json\/wp\/v2\/comments?post=23448"}],"version-history":[{"count":0,"href":"https:\/\/linitiative.ca\/International\/wp-json\/wp\/v2\/posts\/23448\/revisions"}],"wp:featuredmedia":[{"embeddable":true,"href":"https:\/\/linitiative.ca\/International\/wp-json\/"}],"wp:attachment":[{"href":"https:\/\/linitiative.ca\/International\/wp-json\/wp\/v2\/media?parent=23448"}],"wp:term":[{"taxonomy":"category","embeddable":true,"href":"https:\/\/linitiative.ca\/International\/wp-json\/wp\/v2\/categories?post=23448"},{"taxonomy":"post_tag","embeddable":true,"href":"https:\/\/linitiative.ca\/International\/wp-json\/wp\/v2\/tags?post=23448"}],"curies":[{"name":"wp","href":"https:\/\/api.w.org\/{rel}","templated":true}]}}