{"id":23450,"date":"2019-03-22T11:11:14","date_gmt":"2019-03-22T15:11:14","guid":{"rendered":"https:\/\/linitiative.ca\/International\/lutte-contre-la-meningite-la-campagne-de-vaccination-debute-dans-la-tapoa-le-29-mars-prochain\/"},"modified":"2019-03-22T11:11:14","modified_gmt":"2019-03-22T15:11:14","slug":"lutte-contre-la-meningite-la-campagne-de-vaccination-debute-dans-la-tapoa-le-29-mars-prochain","status":"publish","type":"post","link":"https:\/\/linitiative.ca\/International\/lutte-contre-la-meningite-la-campagne-de-vaccination-debute-dans-la-tapoa-le-29-mars-prochain\/","title":{"rendered":"LUTTE CONTRE LA MENINGITE :  La campagne de vaccination d\u00e9bute dans la Tapoa le 29 mars prochain"},"content":{"rendered":"<p><img decoding=\"async\" class=\"post_layout_5_img\" src=\"http:\/\/lepays.bf\/wp-content\/uploads\/2019\/03\/LUTTE-CONTRE.jpg\" alt=\"LUTTE CONTRE LA MENINGITE : La campagne de vaccination d\u00e9bute dans la Tapoa le 29 mars prochain\"\/><\/p>\n<p class=\"c4\"><strong>En f\u00e9vrier 2019, le gouvernement faisait cas d\u2019une \u00e9pid\u00e9mie de m\u00e9ningite dans la r\u00e9gion de l\u2019Est, plus pr\u00e9cis\u00e9ment dans la province de la Tapoa. Le 21 mars 2019 \u00e0 Ouagadougou, la Direction de la protection de la sant\u00e9 de la population (DPSP) a anim\u00e9 un atelier de formation et d\u2019information \u00e0 l\u2019endroit des femmes et des hommes de m\u00e9dias pour faire le point de la situation et les mesures envisag\u00e9es pour contrer l\u2019\u00e9pid\u00e9mie de m\u00e9ningite en cours dans la r\u00e9gion de l\u2019Est.<\/strong><\/p>\n<p class=\"c4\"><em>De f\u00e9vrier \u00e0 mars 2019, l\u2019\u00e9pid\u00e9mie de m\u00e9ningite a d\u00e9j\u00e0 fait une cinquantaine de morts dans la province de la Tapoa. Une information donn\u00e9e par la Direction de la protection de la sant\u00e9 de la population (DPSP) le 21 mars dernier. Et le dispositif pr\u00e9vu dans ce cas, selon le protocole, c\u2019est de \u00ab\u00a0vacciner imm\u00e9diatement le district en \u00e9pid\u00e9mie avec le vaccin appropri\u00e9 et tout district contigu en alerte\u00a0\u00bb. Conform\u00e9ment \u00e0 ce dispositif, Dr Landaogo Lionel Wilfried Ou\u00e9draogo, directeur de la Protection de la sant\u00e9 de la population a annonc\u00e9 que la campagne de vaccination dans la province de la Tapoa d\u00e9bute le 29 mars prochain et prend fin le 2 avril 2019, pour la tranche d\u2019\u00e2ge de 1 \u00e0 29 ans. Plus pr\u00e9cis\u00e9ment la campagne de vaccination va couvrir les zones 2, 3 et 4 du district de Diapaga. Selon les explications de Dr Ou\u00e9draogo, une requ\u00eate en vaccins t\u00e9travalents (ACWY) a \u00e9t\u00e9 soumise au Groupe de coordination international (ICG) charg\u00e9 de la gestion du stock mondial de vaccins dans le courant de la semaine du 4 mars 2019. Cette requ\u00eate a \u00e9t\u00e9 trait\u00e9e favorablement et 300\u00a0000 doses de vaccins t\u00e9travalents conjugu\u00e9s avec les consommables devraient \u00eatre livr\u00e9s les 21 et 22 mars 2019. Dr Landaogo Lionel Wilfried Ou\u00e9draogo a annonc\u00e9 que le vaccin t\u00e9travalent qui sera administr\u00e9 dans la Tapoa est valable pour 5 ans minimum.<\/em><\/p>\n<p class=\"c4\"><strong><em>Comment reconna\u00eetre un cas suspect de m\u00e9ningite\u00a0?<\/em><\/strong><\/p>\n<p class=\"c4\"><em>Selon Dr Issaka Yam\u00e9ogo, chef de service de la surveillance \u00e9pid\u00e9miologique, est suspect tout enfant de plus de 30 mois ou toute personne adulte avec apparition brutale d\u2019une fi\u00e8vre avec des signes suivants\u00a0: raideur de la nuque, trouble neurologique ou tout autre signe m\u00e9ning\u00e9. Est suspect, tout nourrisson avec apparition brutale d\u2019une fi\u00e8vre avec des signes suivants\u00a0: raideur de la nuque, bombement de la fontanelle, plafonnement du regard, convulsion ou tout autre signe m\u00e9ning\u00e9. Chez le nouveau-n\u00e9 et le nourrisson, Dr Issaka Yam\u00e9ogo a fait noter une hypothermie.<\/em><br \/><em>En tout \u00e9tat de cause, Dr Landaogo Lionel Wilfried Ou\u00e9draogo conseille \u00e0 la population de consulter pr\u00e9cocement et revenir quand il y a un souci pour qu\u2019on puisse r\u00e9ajuster le traitement afin d\u2019arriver \u00e0 gu\u00e9rir les malades. Comme c\u2019est l\u2019entre-deux saisons qui est la p\u00e9riode propice aux \u00e9pid\u00e9mies de m\u00e9ningite, le directeur de la Protection de la sant\u00e9 de la population demande \u00e0 la population de se prot\u00e9ger et mettre du beurre de karit\u00e9 dans les narines afin d\u2019\u00e9viter que la muqueuse des narines ne se fissure pour laisser passer des germes dans le sang, \u00e9tant donn\u00e9 que le mode de contamination c\u2019est par voie a\u00e9rienne \u00e0 travers des gouttelettes.<\/em><\/p>\n<p class=\"c4\"><strong><em>Fran\u00e7oise DEMBELE<\/em><\/strong><\/p>\n<p>Auteur: Le Pays<br \/>\n<a href=\"http:\/\/lepays.bf\/lutte-contre-la-meningite-la-campagne-de-vaccination-debute-dans-la-tapoa-le-29-mars-prochain\/\">Cliquez ici pour lire l&rsquo;article depuis sa source.<\/a><\/p>\n","protected":false},"excerpt":{"rendered":"<p>En f\u00e9vrier 2019, le gouvernement faisait cas d\u2019une \u00e9pid\u00e9mie de m\u00e9ningite dans la r\u00e9gion de l\u2019Est, plus pr\u00e9cis\u00e9ment dans la province de la Tapoa. Le 21 mars 2019 \u00e0 Ouagadougou, la Direction de la protection de la sant\u00e9 de la population (DPSP) a anim\u00e9 un atelier de formation et d\u2019information \u00e0 l\u2019endroit des femmes et [&hellip;]<\/p>\n","protected":false},"author":1813,"featured_media":23451,"comment_status":"closed","ping_status":"closed","sticky":false,"template":"","format":"standard","meta":{"fifu_image_url":"","fifu_image_alt":"","footnotes":""},"categories":[73,81],"tags":[],"class_list":["post-23450","post","type-post","status-publish","format-standard","has-post-thumbnail","hentry","category-actualite","category-burkina-faso"],"_links":{"self":[{"href":"https:\/\/linitiative.ca\/International\/wp-json\/wp\/v2\/posts\/23450","targetHints":{"allow":["GET"]}}],"collection":[{"href":"https:\/\/linitiative.ca\/International\/wp-json\/wp\/v2\/posts"}],"about":[{"href":"https:\/\/linitiative.ca\/International\/wp-json\/wp\/v2\/types\/post"}],"author":[{"embeddable":true,"href":"https:\/\/linitiative.ca\/International\/wp-json\/wp\/v2\/users\/1813"}],"replies":[{"embeddable":true,"href":"https:\/\/linitiative.ca\/International\/wp-json\/wp\/v2\/comments?post=23450"}],"version-history":[{"count":0,"href":"https:\/\/linitiative.ca\/International\/wp-json\/wp\/v2\/posts\/23450\/revisions"}],"wp:featuredmedia":[{"embeddable":true,"href":"https:\/\/linitiative.ca\/International\/wp-json\/"}],"wp:attachment":[{"href":"https:\/\/linitiative.ca\/International\/wp-json\/wp\/v2\/media?parent=23450"}],"wp:term":[{"taxonomy":"category","embeddable":true,"href":"https:\/\/linitiative.ca\/International\/wp-json\/wp\/v2\/categories?post=23450"},{"taxonomy":"post_tag","embeddable":true,"href":"https:\/\/linitiative.ca\/International\/wp-json\/wp\/v2\/tags?post=23450"}],"curies":[{"name":"wp","href":"https:\/\/api.w.org\/{rel}","templated":true}]}}