{"id":23452,"date":"2019-03-22T11:15:19","date_gmt":"2019-03-22T15:15:19","guid":{"rendered":"https:\/\/linitiative.ca\/International\/region-de-lest-le-soldat-cherif-sy-au-front\/"},"modified":"2019-03-22T11:15:19","modified_gmt":"2019-03-22T15:15:19","slug":"region-de-lest-le-soldat-cherif-sy-au-front","status":"publish","type":"post","link":"https:\/\/linitiative.ca\/International\/region-de-lest-le-soldat-cherif-sy-au-front\/","title":{"rendered":"REGION DE L\u2019EST   :   Le soldat Ch\u00e9rif Sy au front"},"content":{"rendered":"<header>\n<\/header>\n<div class=\"entry-content clearfix\" readability=\"43\"><img decoding=\"async\" class=\"post_layout_5_img\" src=\"http:\/\/lepays.bf\/wp-content\/uploads\/2019\/03\/cherif-sy.jpg\" alt=\"REGION DE L\u2019EST : Le soldat Ch\u00e9rif Sy au front\"\/><\/p>\n<p><strong>\u00a0<\/strong><\/p>\n<p class=\"c4\"><em>L\u2019image a fait l\u2019objet de curiosit\u00e9 et de beaucoup de commentaires hier dans la journ\u00e9e\u00a0: Ch\u00e9rif Moumina Sy, en tenue militaire. En effet, le ministre de la D\u00e9fense nationale et des anciens combattants, s\u2019est rendu\u00a0dans la r\u00e9gion de l\u2019Est le jeudi 21 mars 2019. Il s\u2019est rendu pr\u00e9cis\u00e9ment au camp Noungou de la 34<sup>e<\/sup> RIA qu&rsquo;abrite le poste de commandement inter arm\u00e9es dans l\u2019Est du pays. L\u2019objectif \u00e9tait d\u2019encourager les Forces de d\u00e9fense et de s\u00e9curit\u00e9 d\u00e9ploy\u00e9es dans la zone. Au cours de son s\u00e9jour, \u00abEl commandante\u00bb\u00a0a \u00e9chang\u00e9 avec la hi\u00e9rarchie militaire bas\u00e9e \u00e0 Fada pour diriger les op\u00e9rations. Il a visit\u00e9 le centre des op\u00e9rations, un endroit o\u00f9 toutes les informations passent pour \u00eatre ex\u00e9cut\u00e9es sur le terrain. En rappel, les Forces arm\u00e9es nationales conduisent depuis f\u00e9vrier une op\u00e9ration d\u00e9nomm\u00e9e \u00ab\u00a0Otapuanu\u00a0\u00bb dans les r\u00e9gions du Centre-Est et de l&rsquo;Est du pays, dans le cadre de la lutte contre le terrorisme.\u00a0 Le chef d\u2019Etat-major g\u00e9n\u00e9ral des Arm\u00e9es avait invit\u00e9 les populations des r\u00e9gions du Centre-Est et de l\u2019Est au respect des consignes de s\u00e9curit\u00e9 prescrites, en particulier le couvre-feu et \u00e0 redoubler de vigilance afin de faciliter l\u2019action des Forces engag\u00e9es.<\/em><\/p>\n<p><strong>\u00a0<\/strong><\/p>\n<p><strong>\u00a0<\/strong><\/p>\n<p><strong>\u00a0<\/strong><\/p>\n<p><strong><em>\u00a0<\/em><\/strong><\/p>\n<\/div>\n<p>Auteur: Le Pays<br \/>\n<a href=\"http:\/\/lepays.bf\/region-de-lest-le-soldat-cherif-sy-au-front\/\">Cliquez ici pour lire l&rsquo;article depuis sa source.<\/a><\/p>\n","protected":false},"excerpt":{"rendered":"<p>\u00a0 L\u2019image a fait l\u2019objet de curiosit\u00e9 et de beaucoup de commentaires hier dans la journ\u00e9e\u00a0: Ch\u00e9rif Moumina Sy, en tenue militaire. En effet, le ministre de la D\u00e9fense nationale et des anciens combattants, s\u2019est rendu\u00a0dans la r\u00e9gion de l\u2019Est le jeudi 21 mars 2019. Il s\u2019est rendu pr\u00e9cis\u00e9ment au camp Noungou de la 34e [&hellip;]<\/p>\n","protected":false},"author":1813,"featured_media":23453,"comment_status":"closed","ping_status":"closed","sticky":false,"template":"","format":"standard","meta":{"fifu_image_url":"","fifu_image_alt":"","footnotes":""},"categories":[73,81],"tags":[],"class_list":["post-23452","post","type-post","status-publish","format-standard","has-post-thumbnail","hentry","category-actualite","category-burkina-faso"],"_links":{"self":[{"href":"https:\/\/linitiative.ca\/International\/wp-json\/wp\/v2\/posts\/23452","targetHints":{"allow":["GET"]}}],"collection":[{"href":"https:\/\/linitiative.ca\/International\/wp-json\/wp\/v2\/posts"}],"about":[{"href":"https:\/\/linitiative.ca\/International\/wp-json\/wp\/v2\/types\/post"}],"author":[{"embeddable":true,"href":"https:\/\/linitiative.ca\/International\/wp-json\/wp\/v2\/users\/1813"}],"replies":[{"embeddable":true,"href":"https:\/\/linitiative.ca\/International\/wp-json\/wp\/v2\/comments?post=23452"}],"version-history":[{"count":0,"href":"https:\/\/linitiative.ca\/International\/wp-json\/wp\/v2\/posts\/23452\/revisions"}],"wp:featuredmedia":[{"embeddable":true,"href":"https:\/\/linitiative.ca\/International\/wp-json\/"}],"wp:attachment":[{"href":"https:\/\/linitiative.ca\/International\/wp-json\/wp\/v2\/media?parent=23452"}],"wp:term":[{"taxonomy":"category","embeddable":true,"href":"https:\/\/linitiative.ca\/International\/wp-json\/wp\/v2\/categories?post=23452"},{"taxonomy":"post_tag","embeddable":true,"href":"https:\/\/linitiative.ca\/International\/wp-json\/wp\/v2\/tags?post=23452"}],"curies":[{"name":"wp","href":"https:\/\/api.w.org\/{rel}","templated":true}]}}