{"id":23454,"date":"2019-03-22T11:18:29","date_gmt":"2019-03-22T15:18:29","guid":{"rendered":"https:\/\/linitiative.ca\/International\/lutte-contre-le-terrorisme-et-la-liberte-dexpression-le-mpp-utilise-des-moyens-policiers-pour-reprimer-toutes-formes-de-contestation-selon-gabin-korbeogo-president-de-l\/"},"modified":"2019-03-22T11:18:29","modified_gmt":"2019-03-22T15:18:29","slug":"lutte-contre-le-terrorisme-et-la-liberte-dexpression-le-mpp-utilise-des-moyens-policiers-pour-reprimer-toutes-formes-de-contestation-selon-gabin-korbeogo-president-de-l","status":"publish","type":"post","link":"https:\/\/linitiative.ca\/International\/lutte-contre-le-terrorisme-et-la-liberte-dexpression-le-mpp-utilise-des-moyens-policiers-pour-reprimer-toutes-formes-de-contestation-selon-gabin-korbeogo-president-de-l\/","title":{"rendered":"LUTTE CONTRE LE TERRORISME ET LA LIBERTE D\u2019EXPRESSION     \u00ab Le MPP utilise des moyens policiers pour r\u00e9primer toutes formes de contestation \u00bb, selon Gabin Korb\u00e9ogo, pr\u00e9sident de l\u2019ODJ"},"content":{"rendered":"<p><img decoding=\"async\" class=\"post_layout_5_img\" src=\"http:\/\/lepays.bf\/wp-content\/uploads\/2019\/03\/ODJ.jpg\" alt=\"LUTTE CONTRE LE TERRORISME ET LA LIBERTE D\u2019EXPRESSION \u00ab Le MPP utilise des moyens policiers pour r\u00e9primer toutes formes de contestation \u00bb, selon Gabin Korb\u00e9ogo, pr\u00e9sident de l\u2019ODJ\"\/><\/p>\n<p><strong>Les premiers responsables de l\u2019Organisation d\u00e9mocratique de la jeunesse (ODJ) ont anim\u00e9 une conf\u00e9rence de presse le jeudi 21 mars 2019 au sein de leur si\u00e8ge \u00e0 Ouagadougou, pour d\u00e9noncer <em>\u00ab\u00a0la r\u00e9pression\u00a0contre l\u2019organisation et les vell\u00e9it\u00e9s de remise en cause des libert\u00e9s d\u2019expression et de manifestation au Burkina Faso\u00a0\u00bb.<\/em><\/strong><\/p>\n<p><strong>\u00a0<\/strong><\/p>\n<p class=\"c4\"><em>Le moins que l\u2019on puisse dire, c\u2019est que l\u2019Organisation d\u00e9mocratique de la jeunesse (ODJ) du Burkina, qui a la reconnaissance l\u00e9gale comme organisation de la soci\u00e9t\u00e9 civile (OSC) depuis 2 000, est furieuse contre le r\u00e9gime en place. Et pour cause, sa \u00ab\u00a0diabolisation par le r\u00e9gime en place qui tente de remettre en cause les libert\u00e9s d\u2019expression et de manifestation\u00a0\u00bb, s\u2019est indign\u00e9 le pr\u00e9sident de l\u2019ODJ, Gabin Korb\u00e9ogo, lors d\u2019une conf\u00e9rence de presse anim\u00e9e le jeudi 21 mars \u00e0 Ouagadougou. Avant d\u2019\u00e9grener un chapelet de griefs \u00e0 l\u2019encontre du \u00a0pouvoir en place, le pr\u00e9sident de l\u2019organisation, principal animateur de cette conf\u00e9rence de presse, a demand\u00e9 une minute de silence en m\u00e9moire des victimes du terrorisme que sa\u00a0\u00a0structure \u00ab\u00a0contribue, en tant qu\u2019anti-imp\u00e9rialiste, \u00e0 combattre\u00a0\u00bb. Mais, selon lui, \u00ab\u00a0sous-couvert de la lutte anti-terroriste, certaines autorit\u00e9s administratives et des \u00e9l\u00e9ments des FDS pratiquent le harc\u00e8lement policier et judiciaire, des interrogations et d\u00e9tentions arbitraires, voire des menaces de mort sur des responsables et militants de l\u2019ODJ et sur les populations dans plusieurs localit\u00e9s\u00a0\u00bb. Et il y va de son couplet en affirmant des cas de \u00ab\u00a0menaces prof\u00e9r\u00e9es par des gendarmes contre le pr\u00e9sident de la section ODJ du Yagha\u2026sous pr\u00e9texte de non collaboration des responsables de l\u2019ODJ et des populations locales\u00a0\u00bb et des \u00ab\u00a0intimidations et menaces contre des responsables lors des auditions r\u00e9alis\u00e9es aux brigades de gendarmerie de Sebba et de Boundor\u00e9 (28\/02\/2019 et 01\/03\/2019), accus\u00e9s d\u2019avoir incit\u00e9 des populations \u00e0 ne pas collaborer avec les FDS\u00a0\u00bb. Il parle aussi de \u00ab\u00a0l\u2019arrestation et la d\u00e9tention arbitraire \u00e0 Solhan, durant trois heures, du pr\u00e9sident de la sous-section et de jeunes de Solhan\u00a0\u00bb ainsi que de l\u2019\u00a0\u00ab\u00a0accusation d\u2019un responsable de notre section \u00e0 Yagha\u2026d\u2019avoir visit\u00e9 un site apr\u00e8s une attaque terroriste\u00a0\u00bb. Il est aussi \u00e9voqu\u00e9 l\u2019\u00a0\u00ab\u00a0interdiction d\u2019un meeting par le maire de la commune de Kantchiari (N\u2019Gourma) le 24 f\u00e9vrier 2019, apr\u00e8s avoir d\u00e9livr\u00e9 une autorisation de manifester le 22 f\u00e9vrier 2019\u00a0\u00bb. Sur ce dernier point, Gabin Korb\u00e9ogo a pr\u00e9cis\u00e9 que le \u00a0maire, revenant sur sa d\u00e9cision d\u2019autorisation, a avanc\u00e9 \u00ab\u00a0l\u2019argument du contexte s\u00e9curitaire\u00a0\u00bb qu\u2019il trouve\u00a0 \u00ab\u00a0fallacieux\u00a0\u00bb, en ce sens que \u00ab\u00a0cet argument n\u2019a jamais \u00e9t\u00e9 oppos\u00e9 aux partis politiques de la majorit\u00e9 comme de l\u2019opposition qui m\u00e8nent des activit\u00e9s \u00e0 travers le pays\u00a0\u00bb. De quoi lui faire dire que c\u2019est l\u2019ODJ, en tant qu\u2019OSC, qui \u00ab\u00a0fait peur aux autorit\u00e9s parce qu\u2019elle arrive \u00e0 organiser les jeunes autour de leurs int\u00e9r\u00eats\u00a0\u00bb. Tout cela concourt, insiste-t-il, aux atteintes de la libert\u00e9 d\u2019expression et de manifestation.<\/em><\/p>\n<p class=\"c4\"><em><strong>\u00a0<\/strong><\/em><\/p>\n<p><strong><em>\u00ab\u00a0Nous ne sommes pas du PCRV,\u00a0 mais nous sommes des anti-imp\u00e9rialistes\u00a0\u00bb<\/em><\/strong><\/p>\n<p><strong>\u00a0<\/strong><\/p>\n<p class=\"c4\"><em>A l\u2019en croire, le fait que l\u2019ODJ \u00ab\u00a0travaille \u00e0 l\u2019\u00e9veil des consciences de la jeunesse \u00e0 travers des d\u00e9nonciations des mauvaises pratiques de gouvernance, fait qu\u2019il est dans la ligne de mire des autorit\u00e9s administratives et des forces de s\u00e9curit\u00e9 et l\u2019\u00e9tat d\u2019urgence est utilis\u00e9 comme pr\u00e9texte pour sa liquidation\u00a0\u00bb. Sur la m\u00eame lanc\u00e9e, le secr\u00e9taire g\u00e9n\u00e9ral de l\u2019ODJ, Salifou Nombr\u00e9, a d\u00e9nonc\u00e9 \u00ab\u00a0la criminalisation de l\u2019ODJ et son assimilation \u00e0 un parti politique\u00bb. Il poursuit en faisant remarquer que la position anti-imp\u00e9rialiste de l\u2019ODJ qui d\u00e9nonce les faillites de la gouvernance, donne de l\u2019urticaire au r\u00e9gime en place. A ses dires, c\u2019est ce qui am\u00e8ne le pouvoir \u00e0 \u00ab\u00a0diaboliser\u00a0\u00bb leur structure en la qualifiant d\u2019appendice du PCRV. \u00ab\u00a0Nous ne sommes pas du PCRV,\u00a0 mais nous sommes des anti-imp\u00e9rialistes\u00a0\u00bb, a-t-il indiqu\u00e9. Le pr\u00e9sident Korb\u00e9ogo est revenu \u00e0 la charge en relevant que \u00ab\u00a0le \u00a0MPP utilise des moyens policiers pour r\u00e9primer toutes formes de contestation.\u00bb Mais, \u00ab\u00a0on se r\u00e9serve le droit de nous prononcer sur toutes les questions politiques. Nous avons un droit de regard sur les politiques publiques\u00bb, rench\u00e9rit-il avant de se prononcer sur le rapport d\u2019enqu\u00eate du MBDHP sur l\u2019affaire de l\u2019\u00e9limination de 146 terroristes \u00e0 Kain-Ouro. \u00ab\u00a0Le MBDHP est dans son r\u00f4le et ceux qui le critiquent, doivent plut\u00f4t faire l\u2019antith\u00e8se en produisant une enqu\u00eate contradictoire\u00a0\u00bb, dit-il. Puis, il ajoute\u00a0: \u00ab\u00a0Parmi tous ceux qui parlent, rares sont ceux qui n\u2019ont pas b\u00e9n\u00e9fici\u00e9 de la protection du MBDHP\u00a0\u00bb. \u00a0Et pour conclure, il rel\u00e8ve qu\u2019il y a eu, selon des t\u00e9moins, \u00ab\u00a0quatre victimes collat\u00e9rales pendant l\u2019op\u00e9ration \u2018\u2019Otapuanu\u2019\u2019\u00bb.<\/em><\/p>\n<p><strong>\u00a0<\/strong><\/p>\n<p><strong>Drissa TRAORE<\/strong><\/p>\n<p><strong>\u00a0<\/strong><\/p>\n<p>Auteur: Le Pays<br \/>\n<a href=\"http:\/\/lepays.bf\/lutte-contre-le-terrorisme-et-la-liberte-dexpression-le-mpp-utilise-des-moyens-policiers-pour-reprimer-toutes-formes-de-contestation-selon-gabin-korbeogo-president-de-l\/\">Cliquez ici pour lire l&rsquo;article depuis sa source.<\/a><\/p>\n","protected":false},"excerpt":{"rendered":"<p>Les premiers responsables de l\u2019Organisation d\u00e9mocratique de la jeunesse (ODJ) ont anim\u00e9 une conf\u00e9rence de presse le jeudi 21 mars 2019 au sein de leur si\u00e8ge \u00e0 Ouagadougou, pour d\u00e9noncer \u00ab\u00a0la r\u00e9pression\u00a0contre l\u2019organisation et les vell\u00e9it\u00e9s de remise en cause des libert\u00e9s d\u2019expression et de manifestation au Burkina Faso\u00a0\u00bb. \u00a0 Le moins que l\u2019on puisse [&hellip;]<\/p>\n","protected":false},"author":1813,"featured_media":23455,"comment_status":"closed","ping_status":"closed","sticky":false,"template":"","format":"standard","meta":{"fifu_image_url":"","fifu_image_alt":"","footnotes":""},"categories":[73,81],"tags":[],"class_list":["post-23454","post","type-post","status-publish","format-standard","has-post-thumbnail","hentry","category-actualite","category-burkina-faso"],"_links":{"self":[{"href":"https:\/\/linitiative.ca\/International\/wp-json\/wp\/v2\/posts\/23454","targetHints":{"allow":["GET"]}}],"collection":[{"href":"https:\/\/linitiative.ca\/International\/wp-json\/wp\/v2\/posts"}],"about":[{"href":"https:\/\/linitiative.ca\/International\/wp-json\/wp\/v2\/types\/post"}],"author":[{"embeddable":true,"href":"https:\/\/linitiative.ca\/International\/wp-json\/wp\/v2\/users\/1813"}],"replies":[{"embeddable":true,"href":"https:\/\/linitiative.ca\/International\/wp-json\/wp\/v2\/comments?post=23454"}],"version-history":[{"count":0,"href":"https:\/\/linitiative.ca\/International\/wp-json\/wp\/v2\/posts\/23454\/revisions"}],"wp:featuredmedia":[{"embeddable":true,"href":"https:\/\/linitiative.ca\/International\/wp-json\/"}],"wp:attachment":[{"href":"https:\/\/linitiative.ca\/International\/wp-json\/wp\/v2\/media?parent=23454"}],"wp:term":[{"taxonomy":"category","embeddable":true,"href":"https:\/\/linitiative.ca\/International\/wp-json\/wp\/v2\/categories?post=23454"},{"taxonomy":"post_tag","embeddable":true,"href":"https:\/\/linitiative.ca\/International\/wp-json\/wp\/v2\/tags?post=23454"}],"curies":[{"name":"wp","href":"https:\/\/api.w.org\/{rel}","templated":true}]}}