{"id":23458,"date":"2019-03-22T11:26:58","date_gmt":"2019-03-22T15:26:58","guid":{"rendered":"https:\/\/linitiative.ca\/International\/page-triste-lex-dg-de-ouaga-fm-zakaria-gniehoun-nest-plus\/"},"modified":"2019-03-22T11:26:58","modified_gmt":"2019-03-22T15:26:58","slug":"page-triste-lex-dg-de-ouaga-fm-zakaria-gniehoun-nest-plus","status":"publish","type":"post","link":"https:\/\/linitiative.ca\/International\/page-triste-lex-dg-de-ouaga-fm-zakaria-gniehoun-nest-plus\/","title":{"rendered":"PAGE TRISTE :   L\u2019ex-DG de Ouaga Fm, Zakaria Gniehoun, n\u2019est plus"},"content":{"rendered":"<header>\n<\/header>\n<div class=\"entry-content clearfix\" readability=\"42\"><img decoding=\"async\" class=\"post_layout_5_img\" src=\"http:\/\/lepays.bf\/wp-content\/uploads\/2019\/03\/Zak_GNEHOUN.jpg\" alt=\"PAGE TRISTE : L\u2019ex-DG de Ouaga Fm, Zakaria Gniehoun, n\u2019est plus\"\/><\/p>\n<p class=\"c4\"><em>L\u2019ex-Directeur g\u00e9n\u00e9ral de la radio Ouaga FM, Zakaria Gniehoun, est d\u00e9c\u00e9d\u00e9 le mercredi 20 mars dernier \u00e0 l\u2019\u00e2ge de 51 ans, des suites de maladie. La triste nouvelle a \u00e9t\u00e9 annonc\u00e9e par la radio Ouaga Fm dont il fut le DG de 2007 \u00e0 2014. N\u00e9 en 1968, Zakaria Gniehoun sera inhum\u00e9 ce vendredi 22 mars 2019. Le cort\u00e8ge fun\u00e8bre partira de son domicile \u00e0 9h, \u00e0 Saaba o\u00f9 une veill\u00e9e de pri\u00e8re a eu lieu hier, pour le cimeti\u00e8re de Tabtenga, sa derni\u00e8re demeure. L\u2019homme que le monde des m\u00e9dias pleure laisse derri\u00e8re lui une veuve et des enfants inconsolables. Les Editions \u00ab\u00a0Le Pays\u00a0\u00bb pr\u00e9sente ses condol\u00e9ances \u00e0 la famille \u00e9plor\u00e9e. Que la terre libre du Burkina Faso lui soit l\u00e9g\u00e8re.<\/em><\/p>\n<p><strong>DZ<\/strong><\/p>\n<\/div>\n<p>Auteur: Le Pays<br \/>\n<a href=\"http:\/\/lepays.bf\/page-triste-lex-dg-de-ouaga-fm-zakaria-gniehoun-nest-plus\/\">Cliquez ici pour lire l&rsquo;article depuis sa source.<\/a><\/p>\n","protected":false},"excerpt":{"rendered":"<p>L\u2019ex-Directeur g\u00e9n\u00e9ral de la radio Ouaga FM, Zakaria Gniehoun, est d\u00e9c\u00e9d\u00e9 le mercredi 20 mars dernier \u00e0 l\u2019\u00e2ge de 51 ans, des suites de maladie. La triste nouvelle a \u00e9t\u00e9 annonc\u00e9e par la radio Ouaga Fm dont il fut le DG de 2007 \u00e0 2014. N\u00e9 en 1968, Zakaria Gniehoun sera inhum\u00e9 ce vendredi 22 [&hellip;]<\/p>\n","protected":false},"author":1813,"featured_media":23459,"comment_status":"closed","ping_status":"closed","sticky":false,"template":"","format":"standard","meta":{"fifu_image_url":"","fifu_image_alt":"","footnotes":""},"categories":[73,81],"tags":[],"class_list":["post-23458","post","type-post","status-publish","format-standard","has-post-thumbnail","hentry","category-actualite","category-burkina-faso"],"_links":{"self":[{"href":"https:\/\/linitiative.ca\/International\/wp-json\/wp\/v2\/posts\/23458","targetHints":{"allow":["GET"]}}],"collection":[{"href":"https:\/\/linitiative.ca\/International\/wp-json\/wp\/v2\/posts"}],"about":[{"href":"https:\/\/linitiative.ca\/International\/wp-json\/wp\/v2\/types\/post"}],"author":[{"embeddable":true,"href":"https:\/\/linitiative.ca\/International\/wp-json\/wp\/v2\/users\/1813"}],"replies":[{"embeddable":true,"href":"https:\/\/linitiative.ca\/International\/wp-json\/wp\/v2\/comments?post=23458"}],"version-history":[{"count":0,"href":"https:\/\/linitiative.ca\/International\/wp-json\/wp\/v2\/posts\/23458\/revisions"}],"wp:featuredmedia":[{"embeddable":true,"href":"https:\/\/linitiative.ca\/International\/wp-json\/"}],"wp:attachment":[{"href":"https:\/\/linitiative.ca\/International\/wp-json\/wp\/v2\/media?parent=23458"}],"wp:term":[{"taxonomy":"category","embeddable":true,"href":"https:\/\/linitiative.ca\/International\/wp-json\/wp\/v2\/categories?post=23458"},{"taxonomy":"post_tag","embeddable":true,"href":"https:\/\/linitiative.ca\/International\/wp-json\/wp\/v2\/tags?post=23458"}],"curies":[{"name":"wp","href":"https:\/\/api.w.org\/{rel}","templated":true}]}}