{"id":23461,"date":"2019-03-22T14:19:02","date_gmt":"2019-03-22T18:19:02","guid":{"rendered":"https:\/\/linitiative.ca\/International\/markoye-le-maire-et-son-chauffeur-enleves-par-des-inconnus\/"},"modified":"2019-03-22T14:19:02","modified_gmt":"2019-03-22T18:19:02","slug":"markoye-le-maire-et-son-chauffeur-enleves-par-des-inconnus","status":"publish","type":"post","link":"https:\/\/linitiative.ca\/International\/markoye-le-maire-et-son-chauffeur-enleves-par-des-inconnus\/","title":{"rendered":"Markoye: \u00a0Le maire et son chauffeur enlev\u00e9s par des inconnus"},"content":{"rendered":"<div class=\"td-a-rec td-a-rec-id-content_top td_uid_30_5c95572506fe3_rand td_block_template_1\"><img loading=\"lazy\" decoding=\"async\" class=\"aligncenter size-full wp-image-4463\" src=\"https:\/\/www.sidwaya.info\/wp-content\/uploads\/2019\/02\/FESPACO-TOUR-2019-Bannie%CC%80re-728x90-1.jpg\" alt=\"\" width=\"728\" height=\"90\"\/><\/div>\n<p>Selon\u00a0 des informations concordantes, le maire de Markoye, dans la r\u00e9gion du Sahel, Mamadou H\u00e9rou, a \u00e9t\u00e9 enlev\u00e9 avec\u00a0 son chauffeur, \u00e0 bord de son v\u00e9hicule de fonction, le jeudi 21 mars 2019, autour de 16 heures 30 minutes, sur l\u2019axe Gorom-Gorom-Markoye.\u00a0 Ils reviendraient d\u2019une rencontre qui s\u2019est tenue \u00e0 Gorom-Gorom. Markoye est situ\u00e9 \u00e0 une quarantaine de km de Gorom-Gorom, chef-lieu de la province de l\u2019Oudalan.<\/p>\n<p><strong>Sidgomd\u00e9<\/strong><\/p>\n<div class=\"td-a-rec td-a-rec-id-content_bottom td_uid_31_5c95572507164_rand td_block_template_1\"><img loading=\"lazy\" decoding=\"async\" class=\"alignright size-full wp-image-1724\" src=\"https:\/\/www.sidwaya.info\/wp-content\/uploads\/2018\/12\/sidwaya-pub.jpg\" alt=\"\" width=\"720\" height=\"90\"\/><\/div>\n<p>Auteur: BS. Sidwaya<br \/>\n<a href=\"https:\/\/www.sidwaya.info\/blog\/2019\/03\/22\/markoye-le-maire-et-son-chauffeur-enleves-par-des-inconnus\/\">Cliquez ici pour lire l&rsquo;article depuis sa source.<\/a><\/p>\n","protected":false},"excerpt":{"rendered":"<p>Selon\u00a0 des informations concordantes, le maire de Markoye, dans la r\u00e9gion du Sahel, Mamadou H\u00e9rou, a \u00e9t\u00e9 enlev\u00e9 avec\u00a0 son chauffeur, \u00e0 bord de son v\u00e9hicule de fonction, le jeudi 21 mars 2019, autour de 16 heures 30 minutes, sur l\u2019axe Gorom-Gorom-Markoye.\u00a0 Ils reviendraient d\u2019une rencontre qui s\u2019est tenue \u00e0 Gorom-Gorom. Markoye est situ\u00e9 \u00e0 [&hellip;]<\/p>\n","protected":false},"author":1816,"featured_media":23462,"comment_status":"closed","ping_status":"closed","sticky":false,"template":"","format":"standard","meta":{"fifu_image_url":"","fifu_image_alt":"","footnotes":""},"categories":[73,81],"tags":[],"class_list":["post-23461","post","type-post","status-publish","format-standard","has-post-thumbnail","hentry","category-actualite","category-burkina-faso"],"_links":{"self":[{"href":"https:\/\/linitiative.ca\/International\/wp-json\/wp\/v2\/posts\/23461","targetHints":{"allow":["GET"]}}],"collection":[{"href":"https:\/\/linitiative.ca\/International\/wp-json\/wp\/v2\/posts"}],"about":[{"href":"https:\/\/linitiative.ca\/International\/wp-json\/wp\/v2\/types\/post"}],"author":[{"embeddable":true,"href":"https:\/\/linitiative.ca\/International\/wp-json\/wp\/v2\/users\/1816"}],"replies":[{"embeddable":true,"href":"https:\/\/linitiative.ca\/International\/wp-json\/wp\/v2\/comments?post=23461"}],"version-history":[{"count":0,"href":"https:\/\/linitiative.ca\/International\/wp-json\/wp\/v2\/posts\/23461\/revisions"}],"wp:featuredmedia":[{"embeddable":true,"href":"https:\/\/linitiative.ca\/International\/wp-json\/"}],"wp:attachment":[{"href":"https:\/\/linitiative.ca\/International\/wp-json\/wp\/v2\/media?parent=23461"}],"wp:term":[{"taxonomy":"category","embeddable":true,"href":"https:\/\/linitiative.ca\/International\/wp-json\/wp\/v2\/categories?post=23461"},{"taxonomy":"post_tag","embeddable":true,"href":"https:\/\/linitiative.ca\/International\/wp-json\/wp\/v2\/tags?post=23461"}],"curies":[{"name":"wp","href":"https:\/\/api.w.org\/{rel}","templated":true}]}}