{"id":23468,"date":"2019-03-22T14:50:01","date_gmt":"2019-03-22T18:50:01","guid":{"rendered":"https:\/\/linitiative.ca\/International\/pompeo-appelle-le-liban-a-se-demarquer-de-liran-et-du-hezbollah\/"},"modified":"2019-03-22T14:50:01","modified_gmt":"2019-03-22T18:50:01","slug":"pompeo-appelle-le-liban-a-se-demarquer-de-liran-et-du-hezbollah","status":"publish","type":"post","link":"https:\/\/linitiative.ca\/International\/pompeo-appelle-le-liban-a-se-demarquer-de-liran-et-du-hezbollah\/","title":{"rendered":"Pompeo appelle le Liban \u00e0 se d\u00e9marquer de l\u2019Iran et du Hezbollah"},"content":{"rendered":"<div readability=\"32\">\n<p>Publi\u00e9 le 22.03.2019 \u00e0 19h50 par AFP<\/p>\n<\/div>\n<div readability=\"134\">\n<p>Le secr\u00e9taire d\u2019Etat am\u00e9ricain Mike Pompeo a appel\u00e9 vendredi Beyrouth \u00e0 se d\u00e9marquer des \u00ab\u00a0sombres ambitions\u00a0\u00bb de l\u2019Iran et du Hezbollah, poids lourd de la politique au Liban et alli\u00e9 de T\u00e9h\u00e9ran.<\/p>\n<p>Le Liban est la derni\u00e8re \u00e9tape de la tourn\u00e9e de M. Pompeo au Moyen-Orient, ax\u00e9e sur la cr\u00e9ation d\u2019un front r\u00e9gional contre l\u2019Iran, ennemi jur\u00e9 des Etats-Unis.<\/p>\n<p>\u00ab\u00a0Le Liban et le peuple libanais sont confront\u00e9s \u00e0 un choix: avancer courageusement en tant que nation ind\u00e9pendante et fi\u00e8re ou laisser les sombres ambitions de l\u2019Iran et du Hezbollah dicter leur avenir\u00a0\u00bb, a-t-il d\u00e9clar\u00e9 lors d\u2019une conf\u00e9rence de presse conjointe \u00e0 Beyrouth avec son homologue libanais, Gebran Bassil.<\/p>\n<p>Ce dernier a pourtant assur\u00e9 que le mouvement chiite \u00e9tait \u00ab\u00a0un parti politique\u00a0\u00bb, \u00ab\u00a0pas une organisation terroriste\u00a0\u00bb.<\/p>\n<p>\u00ab\u00a0Les \u00c9tats-Unis continueront \u00e0 utiliser tous les moyens pacifiques (\u2026) pour \u00e9touffer le financement, la contrebande du r\u00e9seau criminel et l\u2019usage abusif de postes gouvernementaux\u00a0\u00bb par le Hezbollah, a r\u00e9pondu M. Pompeo.<\/p>\n<p>Financ\u00e9 et arm\u00e9 par T\u00e9h\u00e9ran, le Hezbollah est \u00e0 la t\u00eate de trois minist\u00e8res dans le nouveau gouvernement libanais. Il est consid\u00e9r\u00e9 par Washington comme une organisation \u00ab\u00a0terroriste\u00a0\u00bb.<\/p>\n<p>\u2013 Soutien \u00e0 l\u2019arm\u00e9e \u2013<\/p>\n<p>M. Bassil s\u2019est f\u00e9licit\u00e9 \u00ab\u00a0d\u2019un dialogue constructif et positif\u00a0\u00bb mais a admis des divergences de points de vue sur le Hezbollah et esp\u00e9r\u00e9 qu\u2019elles n\u2019affecteront pas les relations bilat\u00e9rales.<\/p>\n<p>M. Pompeo avait pr\u00e9c\u00e9demment exprim\u00e9 ses inqui\u00e9tudes au pr\u00e9sident libanais Michel Aoun.<\/p>\n<p>Il a soulign\u00e9 \u00ab\u00a0les fortes pr\u00e9occupations des Etats-Unis concernant le r\u00f4le du Hezbollah et de l\u2019Iran au Liban et dans la r\u00e9gion et les risques qu\u2019il pose pour la s\u00e9curit\u00e9, la stabilit\u00e9 et la prosp\u00e9rit\u00e9 du Liban\u00a0\u00bb, a rapport\u00e9 le porte-parole de la diplomatie am\u00e9ricaine Robert Palladino.<\/p>\n<p>M. Pompeo avait plus t\u00f4t d\u00e9plor\u00e9 les \u00ab\u00a0activit\u00e9s d\u00e9stabilisatrices\u00a0\u00bb du Hezbollah lors d\u2019une rencontre avec le chef du Parlement libanais, Nabih Berri, \u00e0 la t\u00eate d\u2019un parti alli\u00e9 du Hezbollah.<\/p>\n<p>Le Hezbollah avait rapidement r\u00e9agi par l\u2019interm\u00e9diaire d\u2019un dignitaire religieux.<\/p>\n<p>\u00ab\u00a0Qu\u2019est-ce que les Libanais attendent de l\u2019Am\u00e9rique et de son ministre des Affaires \u00e9trang\u00e8res (\u2026) \u00e0 part une incitation\u00a0\u00bb \u00e0 la division du peuple libanais, s\u2019est interrog\u00e9 Ali Damuch lors de son pr\u00eache vendredi.<\/p>\n<p><ins data-revive-zoneid=\"9\" data-revive-id=\"10111e19d28d19d031742ee3b0b33eb0\"\/> <\/p>\n<p>M. Pompeo a \u00e9galement rencontr\u00e9 la ministre de l\u2019Int\u00e9rieur ainsi que le Premier ministre Saad Hariri aupr\u00e8s duquel il a soulign\u00e9 l\u2019importance \u00ab\u00a0du partenariat entre les \u00c9tats-Unis et le Liban en mati\u00e8re de s\u00e9curit\u00e9\u00a0\u00bb.<\/p>\n<p>Il a insist\u00e9 sur \u00ab\u00a0la n\u00e9cessit\u00e9 (pour les Etats-Unis) de continuer \u00e0 soutenir les institutions l\u00e9gitimes de l\u2019Etat\u00a0\u00bb, en r\u00e9f\u00e9rence \u00e0 l\u2019aide financi\u00e8re et l\u2019entrainement fournis par Washington \u00e0 l\u2019arm\u00e9e libanaise, a indiqu\u00e9 M. Palladino.<\/p>\n<p>\u2013 \u00ab\u00a0Maintenir le calme\u00a0\u00bb \u2013<\/p>\n<p>M. Pompeo est arriv\u00e9 au Liban apr\u00e8s une visite de deux jours en Isra\u00ebl au cours de laquelle le pr\u00e9sident am\u00e9ricain Donald Trump s\u2019est prononc\u00e9 sur Twitter en faveur d\u2019une reconnaissance de la souverainet\u00e9 d\u2019Isra\u00ebl sur la partie occup\u00e9e du plateau du Golan syrien.<\/p>\n<p>Isra\u00ebl a conquis en 1967 une grande partie du Golan et l\u2019a annex\u00e9e en 1981, mais la communaut\u00e9 internationale n\u2019a jamais reconnu cette annexion.<\/p>\n<p>Les propos de M. Trump ont provoqu\u00e9 des r\u00e9actions indign\u00e9es au Liban et dans le monde arabe, faisant craindre une mont\u00e9e des tensions dans la r\u00e9gion.<\/p>\n<p>Isra\u00ebl et le Liban sont toujours techniquement en guerre. Aucun accord de paix n\u2019a \u00e9t\u00e9 sign\u00e9 entre eux depuis la cr\u00e9ation de l\u2019Etat h\u00e9breu en 1948 et les deux pays n\u2019ont jamais proc\u00e9d\u00e9 \u00e0 un trac\u00e9 frontalier.<\/p>\n<p>Des escarmouches ont parfois lieu le long de la \u00ab\u00a0ligne bleue\u00a0\u00bb de cessez-le-feu, gard\u00e9e par l\u2019ONU depuis le retrait des troupes isra\u00e9liennes du sud du pays en 2000, alors que le Liban accuse Isra\u00ebl d\u2019empi\u00e9ter sur une zone maritime disput\u00e9e qui serait riche en hydrocarbures.<\/p>\n<p>En 2006, Isra\u00ebl et le Hezbollah se sont livr\u00e9 une guerre d\u00e9vastatrice de 33 jours.<\/p>\n<p>Isra\u00ebl \u00e9rige depuis l\u2019an dernier un mur de s\u00e9paration le long de la fronti\u00e8re de 130 kilom\u00e8tres avec le Liban pour emp\u00eacher toute \u00e9ventuelle incursion terrestre du Hezbollah sur son territoire.<\/p>\n<p>Il y a quelques semaines, l\u2019Etat h\u00e9breu a accus\u00e9 le Hezbollah d\u2019\u00e9tablir secr\u00e8tement un r\u00e9seau militaire dans la partie non occup\u00e9e du Golan.<\/p>\n<\/div>\n<p>Auteur: AFP<br \/>\n<a href=\"https:\/\/www.journalducameroun.com\/fr\/pompeo-appelle-le-liban-a-se-demarquer-de-liran-et-du-hezbollah\/\">Cliquez ici pour lire l&rsquo;article depuis sa source.<\/a><\/p>\n","protected":false},"excerpt":{"rendered":"<p>Publi\u00e9 le 22.03.2019 \u00e0 19h50 par AFP Le secr\u00e9taire d\u2019Etat am\u00e9ricain Mike Pompeo a appel\u00e9 vendredi Beyrouth \u00e0 se d\u00e9marquer des \u00ab\u00a0sombres ambitions\u00a0\u00bb de l\u2019Iran et du Hezbollah, poids lourd de la politique au Liban et alli\u00e9 de T\u00e9h\u00e9ran. Le Liban est la derni\u00e8re \u00e9tape de la tourn\u00e9e de M. Pompeo au Moyen-Orient, ax\u00e9e sur [&hellip;]<\/p>\n","protected":false},"author":1965,"featured_media":0,"comment_status":"closed","ping_status":"closed","sticky":false,"template":"","format":"standard","meta":{"fifu_image_url":"","fifu_image_alt":"","footnotes":""},"categories":[73,82],"tags":[],"class_list":["post-23468","post","type-post","status-publish","format-standard","hentry","category-actualite","category-cameroun"],"_links":{"self":[{"href":"https:\/\/linitiative.ca\/International\/wp-json\/wp\/v2\/posts\/23468","targetHints":{"allow":["GET"]}}],"collection":[{"href":"https:\/\/linitiative.ca\/International\/wp-json\/wp\/v2\/posts"}],"about":[{"href":"https:\/\/linitiative.ca\/International\/wp-json\/wp\/v2\/types\/post"}],"author":[{"embeddable":true,"href":"https:\/\/linitiative.ca\/International\/wp-json\/wp\/v2\/users\/1965"}],"replies":[{"embeddable":true,"href":"https:\/\/linitiative.ca\/International\/wp-json\/wp\/v2\/comments?post=23468"}],"version-history":[{"count":0,"href":"https:\/\/linitiative.ca\/International\/wp-json\/wp\/v2\/posts\/23468\/revisions"}],"wp:attachment":[{"href":"https:\/\/linitiative.ca\/International\/wp-json\/wp\/v2\/media?parent=23468"}],"wp:term":[{"taxonomy":"category","embeddable":true,"href":"https:\/\/linitiative.ca\/International\/wp-json\/wp\/v2\/categories?post=23468"},{"taxonomy":"post_tag","embeddable":true,"href":"https:\/\/linitiative.ca\/International\/wp-json\/wp\/v2\/tags?post=23468"}],"curies":[{"name":"wp","href":"https:\/\/api.w.org\/{rel}","templated":true}]}}