{"id":23495,"date":"2019-03-23T03:08:42","date_gmt":"2019-03-23T07:08:42","guid":{"rendered":"https:\/\/linitiative.ca\/International\/el-jadida-un-homme-daffaires-victime-dune-escroquerie-de-haute-voltige\/"},"modified":"2019-03-23T03:08:42","modified_gmt":"2019-03-23T07:08:42","slug":"el-jadida-un-homme-daffaires-victime-dune-escroquerie-de-haute-voltige","status":"publish","type":"post","link":"https:\/\/linitiative.ca\/International\/el-jadida-un-homme-daffaires-victime-dune-escroquerie-de-haute-voltige\/","title":{"rendered":"El Jadida : Un homme d\u2019affaires victime d\u2019une escroquerie  de haute voltige"},"content":{"rendered":"<header>\n<\/header>\n<div class=\"entry-content clearfix\" readability=\"49\"><img decoding=\"async\" class=\"post_layout_5_img\" src=\"http:\/\/aujourdhui.ma\/wp-content\/uploads\/2016\/02\/Arrestation-police-menottes.jpg?x29840\" alt=\"El Jadida : Un homme d\u2019affaires victime d\u2019une escroquerie de haute voltige\"\/><\/p>\n<p class=\"p1\"><span class=\"c4\"><strong>Un charlatan qui a arnaqu\u00e9 un homme d\u2019affaires tang\u00e9rois en lui subtilisant une somme globale de plus de deux millions de dirhams a \u00e9t\u00e9 arr\u00eat\u00e9 \u00e0 l\u2019a\u00e9roport international Mohammed V, \u00e0 Casablanca, alors qu\u2019il s\u2019appr\u00eatait \u00e0 quitter le Maroc \u00e0 destination de la Turquie.<\/strong><\/span><span id=\"more-307816\"\/><\/p>\n<p class=\"p1\">Les policiers de l\u2019a\u00e9roport l\u2019ont remis \u00e0 leurs coll\u00e8gues de la ville d\u2019El Jadida qui avaient diffus\u00e9 une note de recherche contre lui \u00e0 l\u2019\u00e9chelle nationale. Ce charlatan-escroc avait fait plusieurs victimes dont ce plaignant qu\u2019il avait rencontr\u00e9, il y a plus d\u2019un an, \u00e0 la plage Lalla A\u00efcha Al Bahriya, \u00e0 Azemmour.<\/p>\n<p class=\"p1\">En engageant avec lui une conversation, il est arriv\u00e9 \u00e0 le convaincre qu\u2019il \u00e9tait \u00abensorcel\u00e9\u00bb et qu\u2019il avait la capacit\u00e9 de le \u00abgu\u00e9rir\u00bb. D\u00e8s lors, il a commenc\u00e9 \u00e0 le plumer.<\/p>\n<\/div>\n<p>Auteur: Abderrafii ALOUMLIKI<br \/>\n<a href=\"http:\/\/aujourdhui.ma\/faits-divers\/el-jadida-un-homme-daffaires-victime-dune-escroquerie-de-haute-voltige\">Cliquez ici pour lire l&rsquo;article depuis sa source.<\/a><\/p>\n","protected":false},"excerpt":{"rendered":"<p>Un charlatan qui a arnaqu\u00e9 un homme d\u2019affaires tang\u00e9rois en lui subtilisant une somme globale de plus de deux millions de dirhams a \u00e9t\u00e9 arr\u00eat\u00e9 \u00e0 l\u2019a\u00e9roport international Mohammed V, \u00e0 Casablanca, alors qu\u2019il s\u2019appr\u00eatait \u00e0 quitter le Maroc \u00e0 destination de la Turquie. Les policiers de l\u2019a\u00e9roport l\u2019ont remis \u00e0 leurs coll\u00e8gues de la [&hellip;]<\/p>\n","protected":false},"author":1759,"featured_media":0,"comment_status":"closed","ping_status":"closed","sticky":false,"template":"","format":"standard","meta":{"fifu_image_url":"","fifu_image_alt":"","footnotes":""},"categories":[73,54],"tags":[],"class_list":["post-23495","post","type-post","status-publish","format-standard","hentry","category-actualite","category-maroc"],"_links":{"self":[{"href":"https:\/\/linitiative.ca\/International\/wp-json\/wp\/v2\/posts\/23495","targetHints":{"allow":["GET"]}}],"collection":[{"href":"https:\/\/linitiative.ca\/International\/wp-json\/wp\/v2\/posts"}],"about":[{"href":"https:\/\/linitiative.ca\/International\/wp-json\/wp\/v2\/types\/post"}],"author":[{"embeddable":true,"href":"https:\/\/linitiative.ca\/International\/wp-json\/wp\/v2\/users\/1759"}],"replies":[{"embeddable":true,"href":"https:\/\/linitiative.ca\/International\/wp-json\/wp\/v2\/comments?post=23495"}],"version-history":[{"count":0,"href":"https:\/\/linitiative.ca\/International\/wp-json\/wp\/v2\/posts\/23495\/revisions"}],"wp:attachment":[{"href":"https:\/\/linitiative.ca\/International\/wp-json\/wp\/v2\/media?parent=23495"}],"wp:term":[{"taxonomy":"category","embeddable":true,"href":"https:\/\/linitiative.ca\/International\/wp-json\/wp\/v2\/categories?post=23495"},{"taxonomy":"post_tag","embeddable":true,"href":"https:\/\/linitiative.ca\/International\/wp-json\/wp\/v2\/tags?post=23495"}],"curies":[{"name":"wp","href":"https:\/\/api.w.org\/{rel}","templated":true}]}}