{"id":23499,"date":"2019-03-23T04:04:43","date_gmt":"2019-03-23T08:04:43","guid":{"rendered":"https:\/\/linitiative.ca\/International\/il-organise-sa-10eme-edition-le-10-avril-prochain-le-club-argus-maroc-fait-peau-neuve\/"},"modified":"2019-03-23T04:04:43","modified_gmt":"2019-03-23T08:04:43","slug":"il-organise-sa-10eme-edition-le-10-avril-prochain-le-club-argus-maroc-fait-peau-neuve","status":"publish","type":"post","link":"https:\/\/linitiative.ca\/International\/il-organise-sa-10eme-edition-le-10-avril-prochain-le-club-argus-maroc-fait-peau-neuve\/","title":{"rendered":"Il organise sa 10\u00e8me \u00e9dition le 10 avril prochain : Le Club Argus Maroc fait peau neuve"},"content":{"rendered":"<header>\n<\/header>\n<div class=\"entry-content clearfix\" readability=\"50\"><img decoding=\"async\" class=\"post_layout_5_img\" src=\"http:\/\/aujourdhui.ma\/wp-content\/uploads\/2019\/03\/Le-Club-Argus-Maroc.jpg?x29840\" alt=\"Il organise sa 10\u00e8me \u00e9dition le 10 avril prochain : Le Club Argus Maroc fait peau neuve\"\/><\/p>\n<p><span class=\"c4\"><strong>Le Club Argus Maroc fait peau neuve et devient le Club Afric Argus\u00ae Casablanca. En effet, l\u2019entreprise se dit plus que jamais tourn\u00e9e vers l\u2019avenir.<\/strong><\/span> <span id=\"more-307724\"\/>Avec un esprit continental, l\u2019Argus entame donc sa mue pour sa dixi\u00e8me \u00e9dition. Cet \u00e9v\u00e9nement se d\u00e9roulera le mercredi 10 avril 2019 dans le nouvel espace nomm\u00e9 Le Confidentiel (ex-Urban Villa) pr\u00e8s du Morocco Mall. \u00abNouveau nom, nouvel esprit\u2026 et nouveau lieu aussi, car le club d\u00e9m\u00e9nage et accueillera ses membres dans un nouvel espace plus grand, plus chic, plus moderne, mais plus chaleureux aussi\u00bb, explique le management d\u2019Argus.La dixi\u00e8me \u00e9dition aborde la question de la mutation de la carte grise. \u00abComme chacun sait, tout achat de VO au Maroc est d\u2019abord sanctionn\u00e9 par un transfert de propri\u00e9t\u00e9, suivi d\u2019un d\u00e9p\u00f4t de dossier de demande de mutation pour l\u2019obtention de la carte grise. Le parcours administratif s\u2019apparente parfois \u00e0 un v\u00e9ritable labyrinthe d\u2019autant plus que le statut accord\u00e9 aux vendeurs d\u2019occasion n\u2019est pas toujours tr\u00e8s clair et reconnu\u00bb, explique le Club Argus Casablanca. Partant de l\u00e0, il sera question de savoir comment appr\u00e9hender ces changements de responsabilit\u00e9 de mani\u00e8re transparente et l\u00e9gale.Quelles entraves peut-on recenser dans cette activit\u00e9 de vente de VO ? Comment se pr\u00e9munir de la mauvaise surprise des oppositions ? Quelles solutions la digitalisation du syst\u00e8me va-t-elle apporter ? Ainsi, face \u00e0 ces enjeux \u00e9conomiques majeurs, de nouveaux modus operandi apparaissent et font l\u2019objet d\u2019une attention particuli\u00e8re de la part des acteurs du march\u00e9. A cet \u00e9gard, les d\u00e9bats sont ouverts et les tables rondes organis\u00e9es avec les experts du secteur tenteront d\u2019y r\u00e9pondre durant ce Club Afric Argus Casablanca avec la pr\u00e9sence des partenaires acteurs de ce futur changement.<\/p>\n<\/div>\n<p>Auteur: ALM<br \/>\n<a href=\"http:\/\/aujourdhui.ma\/automobile\/il-organise-sa-10eme-edition-le-10-avril-prochain-le-club-argus-maroc-fait-peau-neuve\">Cliquez ici pour lire l&rsquo;article depuis sa source.<\/a><\/p>\n","protected":false},"excerpt":{"rendered":"<p>Le Club Argus Maroc fait peau neuve et devient le Club Afric Argus\u00ae Casablanca. En effet, l\u2019entreprise se dit plus que jamais tourn\u00e9e vers l\u2019avenir. Avec un esprit continental, l\u2019Argus entame donc sa mue pour sa dixi\u00e8me \u00e9dition. Cet \u00e9v\u00e9nement se d\u00e9roulera le mercredi 10 avril 2019 dans le nouvel espace nomm\u00e9 Le Confidentiel (ex-Urban [&hellip;]<\/p>\n","protected":false},"author":1759,"featured_media":0,"comment_status":"closed","ping_status":"closed","sticky":false,"template":"","format":"standard","meta":{"fifu_image_url":"","fifu_image_alt":"","footnotes":""},"categories":[73,54],"tags":[],"class_list":["post-23499","post","type-post","status-publish","format-standard","hentry","category-actualite","category-maroc"],"_links":{"self":[{"href":"https:\/\/linitiative.ca\/International\/wp-json\/wp\/v2\/posts\/23499","targetHints":{"allow":["GET"]}}],"collection":[{"href":"https:\/\/linitiative.ca\/International\/wp-json\/wp\/v2\/posts"}],"about":[{"href":"https:\/\/linitiative.ca\/International\/wp-json\/wp\/v2\/types\/post"}],"author":[{"embeddable":true,"href":"https:\/\/linitiative.ca\/International\/wp-json\/wp\/v2\/users\/1759"}],"replies":[{"embeddable":true,"href":"https:\/\/linitiative.ca\/International\/wp-json\/wp\/v2\/comments?post=23499"}],"version-history":[{"count":0,"href":"https:\/\/linitiative.ca\/International\/wp-json\/wp\/v2\/posts\/23499\/revisions"}],"wp:attachment":[{"href":"https:\/\/linitiative.ca\/International\/wp-json\/wp\/v2\/media?parent=23499"}],"wp:term":[{"taxonomy":"category","embeddable":true,"href":"https:\/\/linitiative.ca\/International\/wp-json\/wp\/v2\/categories?post=23499"},{"taxonomy":"post_tag","embeddable":true,"href":"https:\/\/linitiative.ca\/International\/wp-json\/wp\/v2\/tags?post=23499"}],"curies":[{"name":"wp","href":"https:\/\/api.w.org\/{rel}","templated":true}]}}