{"id":23509,"date":"2019-03-23T06:00:00","date_gmt":"2019-03-23T10:00:00","guid":{"rendered":"https:\/\/linitiative.ca\/International\/la-decision-prise-avant-le-depart-de-bouteflika-en-suisse\/"},"modified":"2019-03-23T06:00:00","modified_gmt":"2019-03-23T10:00:00","slug":"la-decision-prise-avant-le-depart-de-bouteflika-en-suisse","status":"publish","type":"post","link":"https:\/\/linitiative.ca\/International\/la-decision-prise-avant-le-depart-de-bouteflika-en-suisse\/","title":{"rendered":"La d\u00e9cision prise avant le d\u00e9part de Bouteflika en Suisse"},"content":{"rendered":"<div id=\"originalText\" readability=\"72\">\n<p><strong>Avant de partir en Suisse pour des \u201ccontr\u00f4les m\u00e9dicaux\u201d, Abdelaziz Bouteflika a sign\u00e9 un d\u00e9cret r\u00e9affectant une partie du budget destin\u00e9 \u00e0 l\u2019\u00e9lection pr\u00e9sidentielle. Avait-il d\u00e9j\u00e0 d\u00e9cid\u00e9 d\u2019annuler le scrutin\u00a0?<\/strong><\/p>\n<p>Le pouvoir avait-il planifi\u00e9 le report de l\u2019\u00e9lection pr\u00e9sidentielle\u00a0? Si l\u2019annonce de l\u2019annulation de l\u2019\u00e9lection pr\u00e9sidentielle a \u00e9t\u00e9 faite le 11 mars dernier, deux jours apr\u00e8s le retour d\u2019Abdelaziz Bouteflika d\u2019un s\u00e9jour m\u00e9dical en Suisse, la parution d\u2019un d\u00e9cret au Journal officiel n\u00b016 suscite de vraies interrogations sur le sujet. Une journ\u00e9e avant de quitter le pays \u00e0 destination de Gen\u00e8ve o\u00f9 il devait subir \u201cdes contr\u00f4les m\u00e9dicaux routiniers\u201d et un jour seulement apr\u00e8s la premi\u00e8re grande manifestation contre le 5e mandat, soit le samedi 23 f\u00e9vrier, le chef de l\u2019\u00c9tat a sign\u00e9 un d\u00e9cret portant sur l\u2019annulation d\u2019une partie du budget destin\u00e9 au financement de la campagne \u00e9lectorale. En application d\u2019une disposition de la loi de finances 2017 qui donne la possibilit\u00e9 au gouvernement de transf\u00e9rer une partie d\u2019un budget d\u2019un d\u00e9partement minist\u00e9riel vers un autre, en cours d\u2019exercice et sans passer par une loi de finances, le chef de l\u2019\u00c9tat a d\u00e9cid\u00e9 de transf\u00e9rer la somme de 20 milliards de dinars, destin\u00e9e au financement de l\u2019\u00e9lection pr\u00e9sidentielle, vers d\u2019autres secteurs. \u201cIl est annul\u00e9, sur 2019, un cr\u00e9dit de vingt milliards quatre cent soixante-dix millions de dinars (20 470 000 000 DA), applicable au budget des charges communes et au chapitre n\u00b037-03 \u2018Frais d&rsquo;organisation des \u00e9lections\u2019\u201d, indique le document qui pr\u00e9cise que cet argent va vers d\u2019autres secteurs que sont les affaires \u00e9trang\u00e8res, la justice, l&rsquo;int\u00e9rieur, des collectivit\u00e9s locales et l&rsquo;am\u00e9nagement du territoire et la communication. Depuis 2017, ce proc\u00e9d\u00e9 est l\u00e9gal, lorsque cela concerne un budget non consomm\u00e9 par un d\u00e9partement minist\u00e9riel. Sauf que l\u00e0, il s\u2019agit d\u2019un budget destin\u00e9 \u00e0 un \u00e9v\u00e9nement qui ne s\u2019\u00e9tait pas encore produit. Sur les 50 milliards de dinars destin\u00e9s \u00e0 l\u2019organisation de l\u2019\u00e9lection pr\u00e9sidentielle, une partie a d\u00e9j\u00e0 \u00e9t\u00e9 consomm\u00e9e dans la conception des affiches, l\u2019\u00e9laboration des cartes d\u2019\u00e9lecteur et probablement dans d\u2019autres op\u00e9rations. Cela s\u2019\u00e9l\u00e8ve, selon des estimations, \u00e0 plus de 30 milliards de dinars. Les 20 milliards restants devaient servir \u00e0 payer le personnel qui devait se charger de la surveillance du scrutin et \u00e0 rembourser les frais de campagne \u00e9lectorale pour les candidats qui devaient d\u00e9passer 5% des suffrages. Si le d\u00e9cret a \u00e9t\u00e9 sign\u00e9 apr\u00e8s l\u2019annulation officielle de l\u2019\u00e9lection, le d\u00e9cret, publi\u00e9 au Journal officiel n\u00b016 du 15 mars, n\u2019aurait pas suscit\u00e9 autant d\u2019interrogations. La publication de ce d\u00e9cret signifie, donc, que le chef de l\u2019\u00c9tat avait d\u00e9j\u00e0 l\u2019intention de reporter l\u2019\u00e9lection pr\u00e9sidentielle, du moins apr\u00e8s les gigantesques manifestations du 22 f\u00e9vrier dernier. Pour quelle raison\u00a0? On ne le sait toujours pas. En revanche, le retard pris dans la publication de ce document soul\u00e8ve des questionnements. Le d\u00e9cret a \u00e9t\u00e9 pris le 23 f\u00e9vrier et sa publication n\u2019a \u00e9t\u00e9 faite que le 15 mars, soit le jour de la publication, par le Conseil constitutionnel, de la liste des candidats qui ont d\u00e9pos\u00e9 leurs dossiers au niveau de l\u2019institution.<\/p>\n<p class=\"c10\"><strong>Ali Boukhlef<\/strong><\/p>\n<\/div>\n<div id=\"text_core\" readability=\"72\">\n<p><strong>Avant de partir en Suisse pour des \u201ccontr\u00f4les m\u00e9dicaux\u201d, Abdelaziz Bouteflika a sign\u00e9 un d\u00e9cret r\u00e9affectant une partie du budget destin\u00e9 \u00e0 l\u2019\u00e9lection pr\u00e9sidentielle. Avait-il d\u00e9j\u00e0 d\u00e9cid\u00e9 d\u2019annuler le scrutin\u00a0?<\/strong><\/p>\n<p>Le pouvoir avait-il planifi\u00e9 le report de l\u2019\u00e9lection pr\u00e9sidentielle\u00a0? Si l\u2019annonce de l\u2019annulation de l\u2019\u00e9lection pr\u00e9sidentielle a \u00e9t\u00e9 faite le 11 mars dernier, deux jours apr\u00e8s le retour d\u2019Abdelaziz Bouteflika d\u2019un s\u00e9jour m\u00e9dical en Suisse, la parution d\u2019un d\u00e9cret au Journal officiel n\u00b016 suscite de vraies interrogations sur le sujet. Une journ\u00e9e avant de quitter le pays \u00e0 destination de Gen\u00e8ve o\u00f9 il devait subir \u201cdes contr\u00f4les m\u00e9dicaux routiniers\u201d et un jour seulement apr\u00e8s la premi\u00e8re grande manifestation contre le 5e mandat, soit le samedi 23 f\u00e9vrier, le chef de l\u2019\u00c9tat a sign\u00e9 un d\u00e9cret portant sur l\u2019annulation d\u2019une partie du budget destin\u00e9 au financement de la campagne \u00e9lectorale. En application d\u2019une disposition de la loi de finances 2017 qui donne la possibilit\u00e9 au gouvernement de transf\u00e9rer une partie d\u2019un budget d\u2019un d\u00e9partement minist\u00e9riel vers un autre, en cours d\u2019exercice et sans passer par une loi de finances, le chef de l\u2019\u00c9tat a d\u00e9cid\u00e9 de transf\u00e9rer la somme de 20 milliards de dinars, destin\u00e9e au financement de l\u2019\u00e9lection pr\u00e9sidentielle, vers d\u2019autres secteurs. \u201cIl est annul\u00e9, sur 2019, un cr\u00e9dit de vingt milliards quatre cent soixante-dix millions de dinars (20 470 000 000 DA), applicable au budget des charges communes et au chapitre n\u00b037-03 \u2018Frais d&rsquo;organisation des \u00e9lections\u2019\u201d, indique le document qui pr\u00e9cise que cet argent va vers d\u2019autres secteurs que sont les affaires \u00e9trang\u00e8res, la justice, l&rsquo;int\u00e9rieur, des collectivit\u00e9s locales et l&rsquo;am\u00e9nagement du territoire et la communication. Depuis 2017, ce proc\u00e9d\u00e9 est l\u00e9gal, lorsque cela concerne un budget non consomm\u00e9 par un d\u00e9partement minist\u00e9riel. Sauf que l\u00e0, il s\u2019agit d\u2019un budget destin\u00e9 \u00e0 un \u00e9v\u00e9nement qui ne s\u2019\u00e9tait pas encore produit. Sur les 50 milliards de dinars destin\u00e9s \u00e0 l\u2019organisation de l\u2019\u00e9lection pr\u00e9sidentielle, une partie a d\u00e9j\u00e0 \u00e9t\u00e9 consomm\u00e9e dans la conception des affiches, l\u2019\u00e9laboration des cartes d\u2019\u00e9lecteur et probablement dans d\u2019autres op\u00e9rations. Cela s\u2019\u00e9l\u00e8ve, selon des estimations, \u00e0 plus de 30 milliards de dinars. Les 20 milliards restants devaient servir \u00e0 payer le personnel qui devait se charger de la surveillance du scrutin et \u00e0 rembourser les frais de campagne \u00e9lectorale pour les candidats qui devaient d\u00e9passer 5% des suffrages. Si le d\u00e9cret a \u00e9t\u00e9 sign\u00e9 apr\u00e8s l\u2019annulation officielle de l\u2019\u00e9lection, le d\u00e9cret, publi\u00e9 au Journal officiel n\u00b016 du 15 mars, n\u2019aurait pas suscit\u00e9 autant d\u2019interrogations. La publication de ce d\u00e9cret signifie, donc, que le chef de l\u2019\u00c9tat avait d\u00e9j\u00e0 l\u2019intention de reporter l\u2019\u00e9lection pr\u00e9sidentielle, du moins apr\u00e8s les gigantesques manifestations du 22 f\u00e9vrier dernier. Pour quelle raison\u00a0? On ne le sait toujours pas. En revanche, le retard pris dans la publication de ce document soul\u00e8ve des questionnements. Le d\u00e9cret a \u00e9t\u00e9 pris le 23 f\u00e9vrier et sa publication n\u2019a \u00e9t\u00e9 faite que le 15 mars, soit le jour de la publication, par le Conseil constitutionnel, de la liste des candidats qui ont d\u00e9pos\u00e9 leurs dossiers au niveau de l\u2019institution.<\/p>\n<p class=\"c10\"><strong>Ali Boukhlef<\/strong><\/p>\n<\/div>\n<p>Auteur:<br \/>\n<a href=\"https:\/\/www.liberte-algerie.com\/actualite\/la-decision-prise-avant-le-depart-de-bouteflika-en-suisse-312127\">Cliquez ici pour lire l&rsquo;article depuis sa source.<\/a><\/p>\n","protected":false},"excerpt":{"rendered":"<p>Avant de partir en Suisse pour des \u201ccontr\u00f4les m\u00e9dicaux\u201d, Abdelaziz Bouteflika a sign\u00e9 un d\u00e9cret r\u00e9affectant une partie du budget destin\u00e9 \u00e0 l\u2019\u00e9lection pr\u00e9sidentielle. Avait-il d\u00e9j\u00e0 d\u00e9cid\u00e9 d\u2019annuler le scrutin\u00a0? Le pouvoir avait-il planifi\u00e9 le report de l\u2019\u00e9lection pr\u00e9sidentielle\u00a0? Si l\u2019annonce de l\u2019annulation de l\u2019\u00e9lection pr\u00e9sidentielle a \u00e9t\u00e9 faite le 11 mars dernier, deux jours [&hellip;]<\/p>\n","protected":false},"author":1742,"featured_media":0,"comment_status":"closed","ping_status":"closed","sticky":false,"template":"","format":"standard","meta":{"fifu_image_url":"","fifu_image_alt":"","footnotes":""},"categories":[73,53],"tags":[],"class_list":["post-23509","post","type-post","status-publish","format-standard","hentry","category-actualite","category-algerie"],"_links":{"self":[{"href":"https:\/\/linitiative.ca\/International\/wp-json\/wp\/v2\/posts\/23509","targetHints":{"allow":["GET"]}}],"collection":[{"href":"https:\/\/linitiative.ca\/International\/wp-json\/wp\/v2\/posts"}],"about":[{"href":"https:\/\/linitiative.ca\/International\/wp-json\/wp\/v2\/types\/post"}],"author":[{"embeddable":true,"href":"https:\/\/linitiative.ca\/International\/wp-json\/wp\/v2\/users\/1742"}],"replies":[{"embeddable":true,"href":"https:\/\/linitiative.ca\/International\/wp-json\/wp\/v2\/comments?post=23509"}],"version-history":[{"count":0,"href":"https:\/\/linitiative.ca\/International\/wp-json\/wp\/v2\/posts\/23509\/revisions"}],"wp:attachment":[{"href":"https:\/\/linitiative.ca\/International\/wp-json\/wp\/v2\/media?parent=23509"}],"wp:term":[{"taxonomy":"category","embeddable":true,"href":"https:\/\/linitiative.ca\/International\/wp-json\/wp\/v2\/categories?post=23509"},{"taxonomy":"post_tag","embeddable":true,"href":"https:\/\/linitiative.ca\/International\/wp-json\/wp\/v2\/tags?post=23509"}],"curies":[{"name":"wp","href":"https:\/\/api.w.org\/{rel}","templated":true}]}}