{"id":23511,"date":"2019-03-23T06:00:00","date_gmt":"2019-03-23T10:00:00","guid":{"rendered":"https:\/\/linitiative.ca\/International\/jean-yves-le-drian-cest-lalgerie-qui-decide-de-son-avenir\/"},"modified":"2019-03-23T06:00:00","modified_gmt":"2019-03-23T10:00:00","slug":"jean-yves-le-drian-cest-lalgerie-qui-decide-de-son-avenir","status":"publish","type":"post","link":"https:\/\/linitiative.ca\/International\/jean-yves-le-drian-cest-lalgerie-qui-decide-de-son-avenir\/","title":{"rendered":"Jean-Yves Le Drian : \u201cC\u2019est l\u2019Alg\u00e9rie qui d\u00e9cide de son avenir\u201d"},"content":{"rendered":"<div id=\"originalText\" readability=\"71\">\n<p>L\u2019\u00c9tat fran\u00e7ais s\u2019efforce, ces derniers jours, de s\u2019affranchir du soutien officiel embarrassant qu\u2019il a manifest\u00e9 \u00e0 l\u2019\u00e9gard du pouvoir alg\u00e9rien, en saluant le 12 mars dernier la d\u00e9cision de Bouteflika de proroger son mandat contre la volont\u00e9 du peuple. Le ministre des Affaires \u00e9trang\u00e8res, Jean-Yves Le Drian, a r\u00e9cus\u00e9, hier, dans une interview \u00e0 la cha\u00eene d\u2019information en continu BFM TV, les accusations d\u2019ing\u00e9rence exprim\u00e9es \u00e0 l\u2019\u00e9gard de la France. \u201cC\u2019est l\u2019Alg\u00e9rie qui d\u00e9cide de son avenir. C\u2019est pas la France\u201d, a-t-il martel\u00e9, en soulignant \u201cla force du mouvement d\u00e9mocratique\u201d et \u201cle civisme des manifestations\u201d. \u201cLes Alg\u00e9riens font preuve d\u2019une grande dignit\u00e9\u201d, a ajout\u00e9 le patron du Quai d\u2019Orsay.<br \/>Dans une audition mercredi dernier par la commission des affaires \u00e9trang\u00e8res de l\u2019Assembl\u00e9e nationale fran\u00e7aise, Jean-Yves Le Drian s\u2019est livr\u00e9 \u00e0 une mise au point quant \u00e0 la position de la France.<br \/>\u201cSur la situation en Alg\u00e9rie, je voudrais dire les choses de mani\u00e8re tr\u00e8s claire, parce qu\u2019au cours des derniers jours, notre position a donn\u00e9 lieu \u00e0 des d\u00e9tournements, des incompr\u00e9hensions, des raccourcis\u201d, avait-il expliqu\u00e9 devant les d\u00e9put\u00e9s. Saisissant un contexte historique, celui de la c\u00e9l\u00e9bration, mardi 19 mars, du 57e anniversaire des accords d\u2019\u00c9vian, il a rappel\u00e9 que l\u2019Alg\u00e9rie est un pays souverain.<br \/>\u201cC\u2019est au peuple alg\u00e9rien et \u00e0 lui seul qu\u2019il revient de d\u00e9cider souverainement de son avenir, et il a montr\u00e9 cette posture au cours des derni\u00e8res semaines. Il a montr\u00e9 qu\u2019il \u00e9tait d\u00e9termin\u00e9 \u00e0 faire entendre sa voix\u201d, a pr\u00e9cis\u00e9 le ministre fran\u00e7ais des Affaires \u00e9trang\u00e8res qui a, \u00e0 cette occasion aussi, relev\u00e9 la dignit\u00e9 et le civisme dans lequel se d\u00e9roulent les manifestations en Alg\u00e9rie. \u201cCette libert\u00e9 et cette dignit\u00e9 doivent \u00eatre respect\u00e9es, mais la solution appartient aux Alg\u00e9riens, il ne revient pas \u00e0 la France de se prononcer sur les choix qui devront \u00eatre faits. C\u2019est aux seuls Alg\u00e9riens d\u2019en d\u00e9cider par le dialogue d\u00e9mocratique\u201d, a-t-il r\u00e9pondu aux d\u00e9put\u00e9s, ajoutant que \u201cle souhait de la France, c\u2019est qu\u2019une forme de transition puisse s\u2019engager rapidement pour r\u00e9pondre aux aspirations profondes qui continuent de s\u2019exprimer\u201d. Jean-Yves Le Drian a insist\u00e9 sur la neutralit\u00e9 de la France en disant qu\u2019elle \u201cparle avec les autorit\u00e9s alg\u00e9riennes\u201d, mais \u00e9coute aussi \u201cla soci\u00e9t\u00e9 civile\u201d. \u201cL\u2019Alg\u00e9rie doit maintenant tracer son avenir, il prendra la forme qu\u2019auront choisie les Alg\u00e9riens. Pour notre part, nous resterons aux c\u00f4t\u00e9s de l\u2019Alg\u00e9rie et des Alg\u00e9riens dans le respect, l\u2019amiti\u00e9 et la fid\u00e9lit\u00e9\u201d, a-t-il conclu.<\/p>\n<p class=\"c10\"><strong>S. L.-K.<\/strong><\/p>\n<\/div>\n<div id=\"text_core\" readability=\"71\">\n<p>L\u2019\u00c9tat fran\u00e7ais s\u2019efforce, ces derniers jours, de s\u2019affranchir du soutien officiel embarrassant qu\u2019il a manifest\u00e9 \u00e0 l\u2019\u00e9gard du pouvoir alg\u00e9rien, en saluant le 12 mars dernier la d\u00e9cision de Bouteflika de proroger son mandat contre la volont\u00e9 du peuple. Le ministre des Affaires \u00e9trang\u00e8res, Jean-Yves Le Drian, a r\u00e9cus\u00e9, hier, dans une interview \u00e0 la cha\u00eene d\u2019information en continu BFM TV, les accusations d\u2019ing\u00e9rence exprim\u00e9es \u00e0 l\u2019\u00e9gard de la France. \u201cC\u2019est l\u2019Alg\u00e9rie qui d\u00e9cide de son avenir. C\u2019est pas la France\u201d, a-t-il martel\u00e9, en soulignant \u201cla force du mouvement d\u00e9mocratique\u201d et \u201cle civisme des manifestations\u201d. \u201cLes Alg\u00e9riens font preuve d\u2019une grande dignit\u00e9\u201d, a ajout\u00e9 le patron du Quai d\u2019Orsay.<br \/>Dans une audition mercredi dernier par la commission des affaires \u00e9trang\u00e8res de l\u2019Assembl\u00e9e nationale fran\u00e7aise, Jean-Yves Le Drian s\u2019est livr\u00e9 \u00e0 une mise au point quant \u00e0 la position de la France.<br \/>\u201cSur la situation en Alg\u00e9rie, je voudrais dire les choses de mani\u00e8re tr\u00e8s claire, parce qu\u2019au cours des derniers jours, notre position a donn\u00e9 lieu \u00e0 des d\u00e9tournements, des incompr\u00e9hensions, des raccourcis\u201d, avait-il expliqu\u00e9 devant les d\u00e9put\u00e9s. Saisissant un contexte historique, celui de la c\u00e9l\u00e9bration, mardi 19 mars, du 57e anniversaire des accords d\u2019\u00c9vian, il a rappel\u00e9 que l\u2019Alg\u00e9rie est un pays souverain.<br \/>\u201cC\u2019est au peuple alg\u00e9rien et \u00e0 lui seul qu\u2019il revient de d\u00e9cider souverainement de son avenir, et il a montr\u00e9 cette posture au cours des derni\u00e8res semaines. Il a montr\u00e9 qu\u2019il \u00e9tait d\u00e9termin\u00e9 \u00e0 faire entendre sa voix\u201d, a pr\u00e9cis\u00e9 le ministre fran\u00e7ais des Affaires \u00e9trang\u00e8res qui a, \u00e0 cette occasion aussi, relev\u00e9 la dignit\u00e9 et le civisme dans lequel se d\u00e9roulent les manifestations en Alg\u00e9rie. \u201cCette libert\u00e9 et cette dignit\u00e9 doivent \u00eatre respect\u00e9es, mais la solution appartient aux Alg\u00e9riens, il ne revient pas \u00e0 la France de se prononcer sur les choix qui devront \u00eatre faits. C\u2019est aux seuls Alg\u00e9riens d\u2019en d\u00e9cider par le dialogue d\u00e9mocratique\u201d, a-t-il r\u00e9pondu aux d\u00e9put\u00e9s, ajoutant que \u201cle souhait de la France, c\u2019est qu\u2019une forme de transition puisse s\u2019engager rapidement pour r\u00e9pondre aux aspirations profondes qui continuent de s\u2019exprimer\u201d. Jean-Yves Le Drian a insist\u00e9 sur la neutralit\u00e9 de la France en disant qu\u2019elle \u201cparle avec les autorit\u00e9s alg\u00e9riennes\u201d, mais \u00e9coute aussi \u201cla soci\u00e9t\u00e9 civile\u201d. \u201cL\u2019Alg\u00e9rie doit maintenant tracer son avenir, il prendra la forme qu\u2019auront choisie les Alg\u00e9riens. Pour notre part, nous resterons aux c\u00f4t\u00e9s de l\u2019Alg\u00e9rie et des Alg\u00e9riens dans le respect, l\u2019amiti\u00e9 et la fid\u00e9lit\u00e9\u201d, a-t-il conclu.<\/p>\n<p class=\"c10\"><strong>S. L.-K.<\/strong><\/p>\n<\/div>\n<p>Auteur:<br \/>\n<a href=\"https:\/\/www.liberte-algerie.com\/actualite\/jean-yves-le-drian-cest-lalgerie-qui-decide-de-son-avenir-312125\">Cliquez ici pour lire l&rsquo;article depuis sa source.<\/a><\/p>\n","protected":false},"excerpt":{"rendered":"<p>L\u2019\u00c9tat fran\u00e7ais s\u2019efforce, ces derniers jours, de s\u2019affranchir du soutien officiel embarrassant qu\u2019il a manifest\u00e9 \u00e0 l\u2019\u00e9gard du pouvoir alg\u00e9rien, en saluant le 12 mars dernier la d\u00e9cision de Bouteflika de proroger son mandat contre la volont\u00e9 du peuple. Le ministre des Affaires \u00e9trang\u00e8res, Jean-Yves Le Drian, a r\u00e9cus\u00e9, hier, dans une interview \u00e0 la [&hellip;]<\/p>\n","protected":false},"author":1742,"featured_media":0,"comment_status":"closed","ping_status":"closed","sticky":false,"template":"","format":"standard","meta":{"fifu_image_url":"","fifu_image_alt":"","footnotes":""},"categories":[73,53],"tags":[],"class_list":["post-23511","post","type-post","status-publish","format-standard","hentry","category-actualite","category-algerie"],"_links":{"self":[{"href":"https:\/\/linitiative.ca\/International\/wp-json\/wp\/v2\/posts\/23511","targetHints":{"allow":["GET"]}}],"collection":[{"href":"https:\/\/linitiative.ca\/International\/wp-json\/wp\/v2\/posts"}],"about":[{"href":"https:\/\/linitiative.ca\/International\/wp-json\/wp\/v2\/types\/post"}],"author":[{"embeddable":true,"href":"https:\/\/linitiative.ca\/International\/wp-json\/wp\/v2\/users\/1742"}],"replies":[{"embeddable":true,"href":"https:\/\/linitiative.ca\/International\/wp-json\/wp\/v2\/comments?post=23511"}],"version-history":[{"count":0,"href":"https:\/\/linitiative.ca\/International\/wp-json\/wp\/v2\/posts\/23511\/revisions"}],"wp:attachment":[{"href":"https:\/\/linitiative.ca\/International\/wp-json\/wp\/v2\/media?parent=23511"}],"wp:term":[{"taxonomy":"category","embeddable":true,"href":"https:\/\/linitiative.ca\/International\/wp-json\/wp\/v2\/categories?post=23511"},{"taxonomy":"post_tag","embeddable":true,"href":"https:\/\/linitiative.ca\/International\/wp-json\/wp\/v2\/tags?post=23511"}],"curies":[{"name":"wp","href":"https:\/\/api.w.org\/{rel}","templated":true}]}}