{"id":23513,"date":"2019-03-23T06:00:00","date_gmt":"2019-03-23T10:00:00","guid":{"rendered":"https:\/\/linitiative.ca\/International\/le-forum-de-liberte-recoit-louisa-hanoune\/"},"modified":"2019-03-23T06:00:00","modified_gmt":"2019-03-23T10:00:00","slug":"le-forum-de-liberte-recoit-louisa-hanoune","status":"publish","type":"post","link":"https:\/\/linitiative.ca\/International\/le-forum-de-liberte-recoit-louisa-hanoune\/","title":{"rendered":"Le Forum de \u201cLibert\u00e9\u201d re\u00e7oit Louisa Hanoune"},"content":{"rendered":"<div id=\"originalText\" readability=\"43\">\n<p>Le Forum de Libert\u00e9 (*) re\u00e7oit lundi 25 mars 2019, \u00e0 10h30, \u00e0 la salle de conf\u00e9rences du journal, \u00e0 El-Achour (Alger), Mme Louisa Hanoune, secr\u00e9taire g\u00e9n\u00e9rale du Parti des travailleurs (PT).<br \/>Mme Hanoune animera une conf\u00e9rence-d\u00e9bat ayant pour th\u00e8me : \u201cL\u2019Assembl\u00e9e constituante et la souverainet\u00e9 nationale\u201d. \u00a0<br \/>La presse est cordialement invit\u00e9e. Le Forum est ouvert au public dans la limite des places disponibles. Il sera possible de suivre le direct du Forum sur notre page Facebook et de poser des questions \u00e0 l\u2019invit\u00e9 dans l\u2019espace d\u00e9di\u00e9 \u00e0 cet effet. (*) En raison de l\u2019acc\u00e9l\u00e9ration et de l\u2019importance des \u00e9v\u00e9nements politiques en cours dans notre pays, et afin de permettre \u00e0 un maximum d\u2019observateurs et d\u2019acteurs d\u2019acc\u00e9der \u00e0 la tribune du Forum de Libert\u00e9, celui-ci se tiendra une ou deux fois par semaine, selon les possibilit\u00e9s offertes par les agendas respectifs de nos invit\u00e9s.<\/p>\n<\/div>\n<div id=\"text_core\" readability=\"43\">\n<p>Le Forum de Libert\u00e9 (*) re\u00e7oit lundi 25 mars 2019, \u00e0 10h30, \u00e0 la salle de conf\u00e9rences du journal, \u00e0 El-Achour (Alger), Mme Louisa Hanoune, secr\u00e9taire g\u00e9n\u00e9rale du Parti des travailleurs (PT).<br \/>Mme Hanoune animera une conf\u00e9rence-d\u00e9bat ayant pour th\u00e8me : \u201cL\u2019Assembl\u00e9e constituante et la souverainet\u00e9 nationale\u201d. \u00a0<br \/>La presse est cordialement invit\u00e9e. Le Forum est ouvert au public dans la limite des places disponibles. Il sera possible de suivre le direct du Forum sur notre page Facebook et de poser des questions \u00e0 l\u2019invit\u00e9 dans l\u2019espace d\u00e9di\u00e9 \u00e0 cet effet. (*) En raison de l\u2019acc\u00e9l\u00e9ration et de l\u2019importance des \u00e9v\u00e9nements politiques en cours dans notre pays, et afin de permettre \u00e0 un maximum d\u2019observateurs et d\u2019acteurs d\u2019acc\u00e9der \u00e0 la tribune du Forum de Libert\u00e9, celui-ci se tiendra une ou deux fois par semaine, selon les possibilit\u00e9s offertes par les agendas respectifs de nos invit\u00e9s.<\/p>\n<\/div>\n<p>Auteur:<br \/>\n<a href=\"https:\/\/www.liberte-algerie.com\/actualite\/le-forum-de-liberte-recoit-louisa-hanoune-312123\">Cliquez ici pour lire l&rsquo;article depuis sa source.<\/a><\/p>\n","protected":false},"excerpt":{"rendered":"<p>Le Forum de Libert\u00e9 (*) re\u00e7oit lundi 25 mars 2019, \u00e0 10h30, \u00e0 la salle de conf\u00e9rences du journal, \u00e0 El-Achour (Alger), Mme Louisa Hanoune, secr\u00e9taire g\u00e9n\u00e9rale du Parti des travailleurs (PT).Mme Hanoune animera une conf\u00e9rence-d\u00e9bat ayant pour th\u00e8me : \u201cL\u2019Assembl\u00e9e constituante et la souverainet\u00e9 nationale\u201d. \u00a0La presse est cordialement invit\u00e9e. Le Forum est ouvert [&hellip;]<\/p>\n","protected":false},"author":1742,"featured_media":0,"comment_status":"closed","ping_status":"closed","sticky":false,"template":"","format":"standard","meta":{"fifu_image_url":"","fifu_image_alt":"","footnotes":""},"categories":[73,53],"tags":[],"class_list":["post-23513","post","type-post","status-publish","format-standard","hentry","category-actualite","category-algerie"],"_links":{"self":[{"href":"https:\/\/linitiative.ca\/International\/wp-json\/wp\/v2\/posts\/23513","targetHints":{"allow":["GET"]}}],"collection":[{"href":"https:\/\/linitiative.ca\/International\/wp-json\/wp\/v2\/posts"}],"about":[{"href":"https:\/\/linitiative.ca\/International\/wp-json\/wp\/v2\/types\/post"}],"author":[{"embeddable":true,"href":"https:\/\/linitiative.ca\/International\/wp-json\/wp\/v2\/users\/1742"}],"replies":[{"embeddable":true,"href":"https:\/\/linitiative.ca\/International\/wp-json\/wp\/v2\/comments?post=23513"}],"version-history":[{"count":0,"href":"https:\/\/linitiative.ca\/International\/wp-json\/wp\/v2\/posts\/23513\/revisions"}],"wp:attachment":[{"href":"https:\/\/linitiative.ca\/International\/wp-json\/wp\/v2\/media?parent=23513"}],"wp:term":[{"taxonomy":"category","embeddable":true,"href":"https:\/\/linitiative.ca\/International\/wp-json\/wp\/v2\/categories?post=23513"},{"taxonomy":"post_tag","embeddable":true,"href":"https:\/\/linitiative.ca\/International\/wp-json\/wp\/v2\/tags?post=23513"}],"curies":[{"name":"wp","href":"https:\/\/api.w.org\/{rel}","templated":true}]}}