{"id":23515,"date":"2019-03-23T06:00:00","date_gmt":"2019-03-23T10:00:00","guid":{"rendered":"https:\/\/linitiative.ca\/International\/les-journalistes-italiens-solidaires-de-leurs-confreres-algeriens\/"},"modified":"2019-03-23T06:00:00","modified_gmt":"2019-03-23T10:00:00","slug":"les-journalistes-italiens-solidaires-de-leurs-confreres-algeriens","status":"publish","type":"post","link":"https:\/\/linitiative.ca\/International\/les-journalistes-italiens-solidaires-de-leurs-confreres-algeriens\/","title":{"rendered":"Les journalistes italiens solidaires de leurs confr\u00e8res alg\u00e9riens"},"content":{"rendered":"<div id=\"originalText\" readability=\"44\">\n<p>Les journalistes italiens se sont mobilis\u00e9s pour exprimer leur solidarit\u00e9 avec leurs confr\u00e8res alg\u00e9riens qui se sont \u00e9lev\u00e9s contre la censure et pour une information objective. En effet, l\u2019Association de la presse romaine a organis\u00e9, jeudi, une rencontre de soutien aux journalistes alg\u00e9riens qui travaillent dans des conditions difficiles \u2014 notamment ceux exer\u00e7ant dans les radios et les t\u00e9l\u00e9visions publiques \u2014 depuis le d\u00e9but du soul\u00e8vement populaire contre le maintien de Bouteflika au pouvoir et contre le syst\u00e8me, le 22 f\u00e9vrier dernier. \u00c0 l\u2019occasion, le pr\u00e9sident de l\u2019Associazione Stampa Romana a pris la parole pour t\u00e9moigner de sa solidarit\u00e9 et de son engagement entier avec les journalistes. Intervenant depuis Alger, le directeur de la r\u00e9daction de Libert\u00e9, Rabah Abdellah, a t\u00e9moign\u00e9 des entraves que vivent effectivement ses confr\u00e8res dans l\u2019exercice de leur m\u00e9tier dans cette conjoncture politique que traverse l\u2019Alg\u00e9rie. Il a \u00e9galement mis en relief la formidable r\u00e9action des journalistes et techniciens des m\u00e9dias audiovisuels publics qui ont publiquement d\u00e9nonc\u00e9 le traitement que les directions de la radio et de la t\u00e9l\u00e9vision ont r\u00e9serv\u00e9 aux manifestations populaires, \u00e0 savoir la censure et la d\u00e9sinformation.<\/p>\n<p class=\"c10\"><strong>R. N.<\/strong><\/p>\n<\/div>\n<div id=\"text_core\" readability=\"44\">\n<p>Les journalistes italiens se sont mobilis\u00e9s pour exprimer leur solidarit\u00e9 avec leurs confr\u00e8res alg\u00e9riens qui se sont \u00e9lev\u00e9s contre la censure et pour une information objective. En effet, l\u2019Association de la presse romaine a organis\u00e9, jeudi, une rencontre de soutien aux journalistes alg\u00e9riens qui travaillent dans des conditions difficiles \u2014 notamment ceux exer\u00e7ant dans les radios et les t\u00e9l\u00e9visions publiques \u2014 depuis le d\u00e9but du soul\u00e8vement populaire contre le maintien de Bouteflika au pouvoir et contre le syst\u00e8me, le 22 f\u00e9vrier dernier. \u00c0 l\u2019occasion, le pr\u00e9sident de l\u2019Associazione Stampa Romana a pris la parole pour t\u00e9moigner de sa solidarit\u00e9 et de son engagement entier avec les journalistes. Intervenant depuis Alger, le directeur de la r\u00e9daction de Libert\u00e9, Rabah Abdellah, a t\u00e9moign\u00e9 des entraves que vivent effectivement ses confr\u00e8res dans l\u2019exercice de leur m\u00e9tier dans cette conjoncture politique que traverse l\u2019Alg\u00e9rie. Il a \u00e9galement mis en relief la formidable r\u00e9action des journalistes et techniciens des m\u00e9dias audiovisuels publics qui ont publiquement d\u00e9nonc\u00e9 le traitement que les directions de la radio et de la t\u00e9l\u00e9vision ont r\u00e9serv\u00e9 aux manifestations populaires, \u00e0 savoir la censure et la d\u00e9sinformation.<\/p>\n<p class=\"c10\"><strong>R. N.<\/strong><\/p>\n<\/div>\n<p>Auteur:<br \/>\n<a href=\"https:\/\/www.liberte-algerie.com\/actualite\/les-journalistes-italiens-solidaires-de-leurs-confreres-algeriens-312121\">Cliquez ici pour lire l&rsquo;article depuis sa source.<\/a><\/p>\n","protected":false},"excerpt":{"rendered":"<p>Les journalistes italiens se sont mobilis\u00e9s pour exprimer leur solidarit\u00e9 avec leurs confr\u00e8res alg\u00e9riens qui se sont \u00e9lev\u00e9s contre la censure et pour une information objective. En effet, l\u2019Association de la presse romaine a organis\u00e9, jeudi, une rencontre de soutien aux journalistes alg\u00e9riens qui travaillent dans des conditions difficiles \u2014 notamment ceux exer\u00e7ant dans les [&hellip;]<\/p>\n","protected":false},"author":1742,"featured_media":0,"comment_status":"closed","ping_status":"closed","sticky":false,"template":"","format":"standard","meta":{"fifu_image_url":"","fifu_image_alt":"","footnotes":""},"categories":[73,53],"tags":[],"class_list":["post-23515","post","type-post","status-publish","format-standard","hentry","category-actualite","category-algerie"],"_links":{"self":[{"href":"https:\/\/linitiative.ca\/International\/wp-json\/wp\/v2\/posts\/23515","targetHints":{"allow":["GET"]}}],"collection":[{"href":"https:\/\/linitiative.ca\/International\/wp-json\/wp\/v2\/posts"}],"about":[{"href":"https:\/\/linitiative.ca\/International\/wp-json\/wp\/v2\/types\/post"}],"author":[{"embeddable":true,"href":"https:\/\/linitiative.ca\/International\/wp-json\/wp\/v2\/users\/1742"}],"replies":[{"embeddable":true,"href":"https:\/\/linitiative.ca\/International\/wp-json\/wp\/v2\/comments?post=23515"}],"version-history":[{"count":0,"href":"https:\/\/linitiative.ca\/International\/wp-json\/wp\/v2\/posts\/23515\/revisions"}],"wp:attachment":[{"href":"https:\/\/linitiative.ca\/International\/wp-json\/wp\/v2\/media?parent=23515"}],"wp:term":[{"taxonomy":"category","embeddable":true,"href":"https:\/\/linitiative.ca\/International\/wp-json\/wp\/v2\/categories?post=23515"},{"taxonomy":"post_tag","embeddable":true,"href":"https:\/\/linitiative.ca\/International\/wp-json\/wp\/v2\/tags?post=23515"}],"curies":[{"name":"wp","href":"https:\/\/api.w.org\/{rel}","templated":true}]}}