{"id":23521,"date":"2019-03-22T20:57:46","date_gmt":"2019-03-23T00:57:46","guid":{"rendered":"https:\/\/linitiative.ca\/International\/3e-festival-les-oceanes-vernissage-a-essaouira-dune-exposition-de-photographies-de-francois-beaurain\/"},"modified":"2019-03-22T20:57:46","modified_gmt":"2019-03-23T00:57:46","slug":"3e-festival-les-oceanes-vernissage-a-essaouira-dune-exposition-de-photographies-de-francois-beaurain","status":"publish","type":"post","link":"https:\/\/linitiative.ca\/International\/3e-festival-les-oceanes-vernissage-a-essaouira-dune-exposition-de-photographies-de-francois-beaurain\/","title":{"rendered":"3\u00e8 Festival \u00ab\u00a0Les Oc\u00e9anes\u00a0\u00bb: Vernissage \u00e0 Essaouira d\u2019une exposition de photographies de Fran\u00e7ois Beaurain"},"content":{"rendered":"<div readability=\"36\">\n<p>Essaouira \u2013 Le vernissage d\u2019une exposition de photographies in\u00e9dites de Fran\u00e7ois Beaurain, a eu lieu vendredi soir \u00e0 Essaouira et ce, dans le cadre de la 3\u00e8 \u00e9dition du Festival \u00ab\u00a0Les Oc\u00e9anes\u00a0\u00bb d\u00e9di\u00e9 \u00e0 la promotion de la culture surf et de la protection de l\u2019environnement.<\/p>\n<\/div>\n<div readability=\"93\">\n<p>Visible jusqu\u2019au 16 avril prochain \u00e0 l\u2019Institut Fran\u00e7ais de la cit\u00e9 des Aliz\u00e9s, cette exposition est plac\u00e9e sous le signe \u00a0\u00bbLes Pionni\u00e8res\u00a0\u00bb.<\/p>\n<p>Elle donne \u00e0 voir et \u00e0 appr\u00e9cier une quinzaine de portraits de femmes marocaines parmi les premi\u00e8res \u00e0 pratiquer une activit\u00e9 sportive ou artistique de haut niveau dans leur domaine au Maroc et se veut ainsi un incandescent hommage \u00e0 ces femmes battantes pour leur engagement, et leur lutte contre toutes les formes de discrimination ou de victimisation.<\/p>\n<p>A propos de cette exposition, Fran\u00e7ois Beaurain rappelle que \u00a0\u00bbla soci\u00e9t\u00e9 marocaine est une soci\u00e9t\u00e9 culturellement tr\u00e8s diverse mais aussi en mutation\u00a0\u00bb, notant que \u00a0\u00bbles Pionni\u00e8res se focalise sur ces femmes qui sont actrices de ces mutations, qui pouss\u00e9es par une passion font bouger les lignes\u00a0\u00bb.<\/p>\n<p>Et de poursuivre que \u00a0\u00bbce projet donne la parole \u00e0 des femmes d\u2019origines vari\u00e9es, championnes ou passionn\u00e9es, engag\u00e9es dans un combat de tous les jours pour se faire accepter dans l\u2019espace public et ainsi faire avancer leur statut\u00a0\u00bb, estimant que chacune d\u2019elle a d\u00fb faire face \u00e0 diverses difficult\u00e9s. Mais quels que soient les obstacles, toutes sont fi\u00e8res de leurs parcours et de leur r\u00e9ussite aujourd\u2019hui.<\/p>\n<p>Approch\u00e9 par la MAP, le Consul G\u00e9n\u00e9ral de France \u00e0\u00a0Marrakech, Philippe Casenave a lou\u00e9 l\u2019importance du Festival \u00a0\u00bbLes Oc\u00e9anes\u00a0\u00bb qui offre l\u2019occasion de faire parler des sports de glisse, compte tenu de leur importance pour la ville d\u2019Essaouira qui dispose d\u2019un spot mondialement reconnu.<\/p>\n<p>\u00a0\u00bbL\u2019id\u00e9e aussi est de faire parler de l\u2019imp\u00e9ratif de la protection de l\u2019environnement, c\u2019est \u00e0 dire qu\u2019au travers de l\u2019expression sportive (du corps) on est amen\u00e9 \u00e0 prendre conscience aux gens de l\u2019importance des questions \u00e9cologiques\u00a0\u00bb, a-t-il dit.<\/p>\n<p>Ce festival illustre ainsi ce processus de prise de conscience et de conscientisation des jeunes au travers de la pratique sportive, de l\u2019imp\u00e9ratif de protection l\u2019environnement, mais aussi de l\u2019expression artistique, a expliqu\u00e9 M. Casenave, notant que cet \u00e9v\u00e9nement offre un espace aux jeunes artistes marocains pour parler de la mer, de la vague et du littoral et par l\u00e0, de sensibiliser sur l\u2019int\u00e9r\u00eat de pr\u00e9server l\u2019environnement.<\/p>\n<p>Mme Babaci Louisa, directrice de l\u2019Institut Fran\u00e7ais d\u2019Essaouira, a dit toute sa joie et sa fiert\u00e9 de voir ce festival acqu\u00e9rir ses lettres de noblesse et devenir ainsi un rendez-vous incontournable dans la programmation culturelle, sportive et artistique de la cit\u00e9 des Aliz\u00e9s.<\/p>\n<p>Et de relever que le festival \u2018Les Oc\u00e9anes\u00a0\u00bb cadre parfaitement avec la ville d\u2019Essaouira, cit\u00e9 embl\u00e9matique et porteuse des valeurs du surf et de la protection de l\u2019environnement.<\/p>\n<\/div>\n<p>Auteur: Meriem IGASS<br \/>\n<a href=\"http:\/\/www.mapmarrakech.ma\/fr\/3e-festival-les-oceanes-vernissage-a-essaouira-dune-exposition-de-photographies-de-francois-beaurain\/\">Cliquez ici pour lire l&rsquo;article depuis sa source.<\/a><\/p>\n","protected":false},"excerpt":{"rendered":"<p>Essaouira \u2013 Le vernissage d\u2019une exposition de photographies in\u00e9dites de Fran\u00e7ois Beaurain, a eu lieu vendredi soir \u00e0 Essaouira et ce, dans le cadre de la 3\u00e8 \u00e9dition du Festival \u00ab\u00a0Les Oc\u00e9anes\u00a0\u00bb d\u00e9di\u00e9 \u00e0 la promotion de la culture surf et de la protection de l\u2019environnement. Visible jusqu\u2019au 16 avril prochain \u00e0 l\u2019Institut Fran\u00e7ais de [&hellip;]<\/p>\n","protected":false},"author":1788,"featured_media":0,"comment_status":"closed","ping_status":"closed","sticky":false,"template":"","format":"standard","meta":{"fifu_image_url":"","fifu_image_alt":"","footnotes":""},"categories":[54,76],"tags":[],"class_list":["post-23521","post","type-post","status-publish","format-standard","hentry","category-maroc","category-regions"],"_links":{"self":[{"href":"https:\/\/linitiative.ca\/International\/wp-json\/wp\/v2\/posts\/23521","targetHints":{"allow":["GET"]}}],"collection":[{"href":"https:\/\/linitiative.ca\/International\/wp-json\/wp\/v2\/posts"}],"about":[{"href":"https:\/\/linitiative.ca\/International\/wp-json\/wp\/v2\/types\/post"}],"author":[{"embeddable":true,"href":"https:\/\/linitiative.ca\/International\/wp-json\/wp\/v2\/users\/1788"}],"replies":[{"embeddable":true,"href":"https:\/\/linitiative.ca\/International\/wp-json\/wp\/v2\/comments?post=23521"}],"version-history":[{"count":0,"href":"https:\/\/linitiative.ca\/International\/wp-json\/wp\/v2\/posts\/23521\/revisions"}],"wp:attachment":[{"href":"https:\/\/linitiative.ca\/International\/wp-json\/wp\/v2\/media?parent=23521"}],"wp:term":[{"taxonomy":"category","embeddable":true,"href":"https:\/\/linitiative.ca\/International\/wp-json\/wp\/v2\/categories?post=23521"},{"taxonomy":"post_tag","embeddable":true,"href":"https:\/\/linitiative.ca\/International\/wp-json\/wp\/v2\/tags?post=23521"}],"curies":[{"name":"wp","href":"https:\/\/api.w.org\/{rel}","templated":true}]}}