{"id":23524,"date":"2019-03-23T10:24:31","date_gmt":"2019-03-23T14:24:31","guid":{"rendered":"https:\/\/linitiative.ca\/International\/ouverture-a-marrakech-des-travaux-de-la-20e-reunion-du-mcr-afrique\/"},"modified":"2019-03-23T10:24:31","modified_gmt":"2019-03-23T14:24:31","slug":"ouverture-a-marrakech-des-travaux-de-la-20e-reunion-du-mcr-afrique","status":"publish","type":"post","link":"https:\/\/linitiative.ca\/International\/ouverture-a-marrakech-des-travaux-de-la-20e-reunion-du-mcr-afrique\/","title":{"rendered":"Ouverture \u00e0 Marrakech des travaux de la 20\u00e8 r\u00e9union du MCR-Afrique"},"content":{"rendered":"<div class=\"single-featured\"><img alt=\"\" data-src=\"http:\/\/www.mapmarrakech.ma\/map\/uploads\/2019\/03\/MCRAfrique-copier.jpg\"\/><\/div>\n<div class=\"single-post-excerpt post-excerpt-bc\" readability=\"40\">\n<p>Marrakech \u2013 Les travaux de la 20\u00e8 r\u00e9union du M\u00e9canisme de coordination r\u00e9gionale pour l\u2019Afrique (MCR) et 3\u00e8 r\u00e9union conjointe du MCR et de l\u2019antenne r\u00e9gionale africaine du Groupe des Nations unies pour le d\u00e9veloppement durable, se sont ouverts, samedi \u00e0 Marrakech, sous le th\u00e8me \u00ab\u00a0L\u2019appui du syst\u00e8me des Nations unies \u00e0 l\u2019Union africaine pour c\u00e9l\u00e9brer 2019, Ann\u00e9e des r\u00e9fugi\u00e9s, des rapatri\u00e9s et des personnes d\u00e9plac\u00e9es : Vers des solutions durables au d\u00e9placement forc\u00e9 en Afrique\u00a0\u00bb.<\/p>\n<\/div>\n<div class=\"entry-content clearfix single-post-content\" readability=\"71\">\n<p>La session inaugurale de cette r\u00e9union est marqu\u00e9e par la pr\u00e9sence notamment de l\u2019ambassadeur Omar Hilale, vice-pr\u00e9sident du Conseil \u00e9conomique et social des Nations unies (ECOSOC), pr\u00e9sident du segment des affaires humanitaires de cet organe et repr\u00e9sentant permanent du Maroc aupr\u00e8s de l\u2019ONU et de Amina Mohamed Jibril, vice-secr\u00e9taire g\u00e9n\u00e9rale de l\u2019ONU.<\/p>\n<p>Organis\u00e9e les 23 et 24 mars en marge de la 52\u00e8me session de la Conf\u00e9rence des ministres africains des finances, de la planification et du d\u00e9veloppement \u00e9conomique (COM2019) de la Commission \u00e9conomique pour l\u2019Afrique (CEA), cette r\u00e9union vise \u00e0 servir de cadre \u00e0 des tables rondes de haut niveau sur des questions li\u00e9es au th\u00e8me choisi afin de promouvoir les interactions et de contribuer \u00e0 la r\u00e9solution des probl\u00e8mes li\u00e9s aux r\u00e9fugi\u00e9s et aux personnes d\u00e9plac\u00e9es en Afrique.<\/p>\n<p>Elle a \u00e9galement pour objectif de d\u00e9battre du fonctionnement des instances que sont le M\u00e9canisme et l\u2019antenne r\u00e9gionale africaine du Groupe des Nations unies pour le d\u00e9veloppement durable et \u00e9valuer les r\u00e9alisations, les d\u00e9fis et la voie \u00e0 suivre pour renforcer la coh\u00e9rence et l\u2019efficacit\u00e9 de l\u2019appui apport\u00e9 \u00e0 l\u2019Union africaine et \u00e0 ses organes dans le contexte des r\u00e9formes de l\u2019Union africaine et du syst\u00e8me des Nations Unies.<\/p>\n<p>Cette manifestation constitue aussi l\u2019occasion d\u2019\u00e9changes utiles entre les parties prenantes des deux m\u00e9canismes et leurs partenaires afin de renforcer l\u2019appui aux programmes et aux priorit\u00e9s de d\u00e9veloppement de l\u2019Union africaine. Elle rassemblera \u00e9galement les diff\u00e9rentes composantes des cadres de coop\u00e9ration Union africaine-ONU de mani\u00e8re coh\u00e9rente, en tenant compte des r\u00e9formes en cours.<\/p>\n<p>Des hauts fonctionnaires de la Commission de l\u2019Union africaine et des Nations unies, ainsi que des communaut\u00e9s \u00e9conomiques r\u00e9gionales africaines, ainsi que des banques de d\u00e9veloppement et d\u2019autres partenaires du d\u00e9veloppement assisteront \u00e0 la r\u00e9union.<\/p>\n<p>Le calendrier de la session offre \u00e9galement \u00e0 ces responsables l\u2019occasion d\u2019\u00e9changer avec les ministres des Finances et de la Planification \u00e9conomique du continent dans le but d\u2019obtenir leur appui total \u00e0 la mise en \u0153uvre des objectifs internationaux, r\u00e9gionaux, sous-r\u00e9gionaux et nationaux, notamment l\u2019Agenda 2063 et le Programme de d\u00e9veloppement durable \u00e0 l\u2019horizon 2030.<\/p>\n<\/div>\n<p>Auteur: Meriem IGASS<br \/>\n<a href=\"http:\/\/www.mapmarrakech.ma\/fr\/ouverture-a-marrakech-des-travaux-de-la-20e-reunion-du-mcr-afrique\/\">Cliquez ici pour lire l&rsquo;article depuis sa source.<\/a><\/p>\n","protected":false},"excerpt":{"rendered":"<p>Marrakech \u2013 Les travaux de la 20\u00e8 r\u00e9union du M\u00e9canisme de coordination r\u00e9gionale pour l\u2019Afrique (MCR) et 3\u00e8 r\u00e9union conjointe du MCR et de l\u2019antenne r\u00e9gionale africaine du Groupe des Nations unies pour le d\u00e9veloppement durable, se sont ouverts, samedi \u00e0 Marrakech, sous le th\u00e8me \u00ab\u00a0L\u2019appui du syst\u00e8me des Nations unies \u00e0 l\u2019Union africaine pour [&hellip;]<\/p>\n","protected":false},"author":1788,"featured_media":23525,"comment_status":"closed","ping_status":"closed","sticky":false,"template":"","format":"standard","meta":{"fifu_image_url":"","fifu_image_alt":"","footnotes":""},"categories":[54,76],"tags":[],"class_list":["post-23524","post","type-post","status-publish","format-standard","has-post-thumbnail","hentry","category-maroc","category-regions"],"_links":{"self":[{"href":"https:\/\/linitiative.ca\/International\/wp-json\/wp\/v2\/posts\/23524","targetHints":{"allow":["GET"]}}],"collection":[{"href":"https:\/\/linitiative.ca\/International\/wp-json\/wp\/v2\/posts"}],"about":[{"href":"https:\/\/linitiative.ca\/International\/wp-json\/wp\/v2\/types\/post"}],"author":[{"embeddable":true,"href":"https:\/\/linitiative.ca\/International\/wp-json\/wp\/v2\/users\/1788"}],"replies":[{"embeddable":true,"href":"https:\/\/linitiative.ca\/International\/wp-json\/wp\/v2\/comments?post=23524"}],"version-history":[{"count":0,"href":"https:\/\/linitiative.ca\/International\/wp-json\/wp\/v2\/posts\/23524\/revisions"}],"wp:featuredmedia":[{"embeddable":true,"href":"https:\/\/linitiative.ca\/International\/wp-json\/"}],"wp:attachment":[{"href":"https:\/\/linitiative.ca\/International\/wp-json\/wp\/v2\/media?parent=23524"}],"wp:term":[{"taxonomy":"category","embeddable":true,"href":"https:\/\/linitiative.ca\/International\/wp-json\/wp\/v2\/categories?post=23524"},{"taxonomy":"post_tag","embeddable":true,"href":"https:\/\/linitiative.ca\/International\/wp-json\/wp\/v2\/tags?post=23524"}],"curies":[{"name":"wp","href":"https:\/\/api.w.org\/{rel}","templated":true}]}}