{"id":23529,"date":"2019-03-23T12:36:21","date_gmt":"2019-03-23T16:36:21","guid":{"rendered":"https:\/\/linitiative.ca\/International\/marrakech-interpellation-de-deux-personnes-impliquees-dans-une-affaire-de-possession-et-trafic-de-drogues-et-de-psychotropes\/"},"modified":"2019-03-23T12:36:21","modified_gmt":"2019-03-23T16:36:21","slug":"marrakech-interpellation-de-deux-personnes-impliquees-dans-une-affaire-de-possession-et-trafic-de-drogues-et-de-psychotropes","status":"publish","type":"post","link":"https:\/\/linitiative.ca\/International\/marrakech-interpellation-de-deux-personnes-impliquees-dans-une-affaire-de-possession-et-trafic-de-drogues-et-de-psychotropes\/","title":{"rendered":"Marrakech: Interpellation de deux personnes impliqu\u00e9es dans une affaire de possession et trafic de drogues et de psychotropes"},"content":{"rendered":"<div class=\"single-featured\"><img alt=\"\" data-src=\"http:\/\/www.mapmarrakech.ma\/map\/uploads\/2019\/03\/droguechira-copier-1.jpg\"\/><\/div>\n<div class=\"single-post-excerpt post-excerpt-bc\" readability=\"34\">\n<p>Marrakech \u2013 Les services s\u00e9curitaires du district Medina-Gu\u00e9liz relevant de la pr\u00e9fecture de police de Marrakech ont proc\u00e9d\u00e9 \u00e0 l\u2019interpellation de deux personnes impliqu\u00e9es dans une affaire de possession et trafic de drogues et de psychotropes.<\/p>\n<\/div>\n<div class=\"entry-content clearfix single-post-content\" readability=\"51\">\n<p>Selon une source s\u00e9curitaire, cette op\u00e9ration intervient suite \u00e0 l\u2019exploitation des \u00e9l\u00e9ments du premier arrondissement de police des informations fournies par le service pr\u00e9fectoral des renseignements g\u00e9n\u00e9raux, qui ont tendu une embuscade \u00e0 l\u2019un des pr\u00e9venus au niveau du quartier Hivernage en possession de comprim\u00e9s psychotropes.<\/p>\n<p>L\u2019enqu\u00eate a abouti \u00e0 l\u2019arrestation de son fournisseur principal qui travaillait dans une librairie \u00e0 proximit\u00e9 de la cit\u00e9 universitaire pour camoufler ses activit\u00e9s ill\u00e9gales.<\/p>\n<p>La perquisition dans le cadre de l\u2019enqu\u00eate men\u00e9e sous la supervision du Parquet g\u00e9n\u00e9ral comp\u00e9tent, a permis la saisie d\u2019un demi kilogramme de la drogue de chira, 107 comprim\u00e9s psychotropes, une quantit\u00e9 de la poudre du cannabis, des armes blanches et une somme d\u2019argent provenant du trafic de la drogue.<\/p>\n<p>Les deux pr\u00e9venus ont \u00e9t\u00e9 plac\u00e9s en garde-\u00e0-vue pour les besoins de l\u2019enqu\u00eate.<\/p>\n<\/div>\n<p>Auteur: Meriem IGASS<br \/>\n<a href=\"http:\/\/www.mapmarrakech.ma\/fr\/marrakech-interpellation-de-deux-personnes-impliquees-dans-une-affaire-de-possession-et-trafic-de-drogues-et-de-psychotropes\/\">Cliquez ici pour lire l&rsquo;article depuis sa source.<\/a><\/p>\n","protected":false},"excerpt":{"rendered":"<p>Marrakech \u2013 Les services s\u00e9curitaires du district Medina-Gu\u00e9liz relevant de la pr\u00e9fecture de police de Marrakech ont proc\u00e9d\u00e9 \u00e0 l\u2019interpellation de deux personnes impliqu\u00e9es dans une affaire de possession et trafic de drogues et de psychotropes. Selon une source s\u00e9curitaire, cette op\u00e9ration intervient suite \u00e0 l\u2019exploitation des \u00e9l\u00e9ments du premier arrondissement de police des informations [&hellip;]<\/p>\n","protected":false},"author":1788,"featured_media":23530,"comment_status":"closed","ping_status":"closed","sticky":false,"template":"","format":"standard","meta":{"fifu_image_url":"","fifu_image_alt":"","footnotes":""},"categories":[54,76],"tags":[],"class_list":["post-23529","post","type-post","status-publish","format-standard","has-post-thumbnail","hentry","category-maroc","category-regions"],"_links":{"self":[{"href":"https:\/\/linitiative.ca\/International\/wp-json\/wp\/v2\/posts\/23529","targetHints":{"allow":["GET"]}}],"collection":[{"href":"https:\/\/linitiative.ca\/International\/wp-json\/wp\/v2\/posts"}],"about":[{"href":"https:\/\/linitiative.ca\/International\/wp-json\/wp\/v2\/types\/post"}],"author":[{"embeddable":true,"href":"https:\/\/linitiative.ca\/International\/wp-json\/wp\/v2\/users\/1788"}],"replies":[{"embeddable":true,"href":"https:\/\/linitiative.ca\/International\/wp-json\/wp\/v2\/comments?post=23529"}],"version-history":[{"count":0,"href":"https:\/\/linitiative.ca\/International\/wp-json\/wp\/v2\/posts\/23529\/revisions"}],"wp:featuredmedia":[{"embeddable":true,"href":"https:\/\/linitiative.ca\/International\/wp-json\/"}],"wp:attachment":[{"href":"https:\/\/linitiative.ca\/International\/wp-json\/wp\/v2\/media?parent=23529"}],"wp:term":[{"taxonomy":"category","embeddable":true,"href":"https:\/\/linitiative.ca\/International\/wp-json\/wp\/v2\/categories?post=23529"},{"taxonomy":"post_tag","embeddable":true,"href":"https:\/\/linitiative.ca\/International\/wp-json\/wp\/v2\/tags?post=23529"}],"curies":[{"name":"wp","href":"https:\/\/api.w.org\/{rel}","templated":true}]}}