{"id":23533,"date":"2019-03-23T13:03:43","date_gmt":"2019-03-23T17:03:43","guid":{"rendered":"https:\/\/linitiative.ca\/International\/lassociation-des-medecins-dessaouira-tient-la-3e-edition-de-ses-journees-medicales\/"},"modified":"2019-03-23T13:03:43","modified_gmt":"2019-03-23T17:03:43","slug":"lassociation-des-medecins-dessaouira-tient-la-3e-edition-de-ses-journees-medicales","status":"publish","type":"post","link":"https:\/\/linitiative.ca\/International\/lassociation-des-medecins-dessaouira-tient-la-3e-edition-de-ses-journees-medicales\/","title":{"rendered":"L\u2019Association des m\u00e9decins d\u2019Essaouira tient la 3\u00e8 \u00e9dition de ses Journ\u00e9es M\u00e9dicales"},"content":{"rendered":"<div readability=\"38\">\n<p>Essaouira \u2013 L\u2019Association des m\u00e9decins d\u2019Essaouira a tenu les 22 et 23 mars dans la cit\u00e9 des Aliz\u00e9s, la troisi\u00e8me \u00e9dition de ses journ\u00e9es m\u00e9dicales, un \u00e9v\u00e9nement scientifique articul\u00e9 autour de la th\u00e9matique g\u00e9n\u00e9rale \u00a0\u00bbles s\u00e9vices \u00e0 enfant : dimensions psychologique, l\u00e9gale et religieuse\u00a0\u00bb.<\/p>\n<\/div>\n<div readability=\"80\">\n<p>Ces rencontres se veulent un v\u00e9ritable espace de rencontres, d\u2019\u00e9change, et de partage des connaissances, des exp\u00e9riences et expertises entre les m\u00e9decins op\u00e9rant au niveau de la province d\u2019Essaouira et leurs homologues en provenance des autres villes du Royaume.<\/p>\n<p>L\u2019un des moments marquants de cette nouvelle \u00e9dition rehauss\u00e9e par la participation de plus d\u2019une soixantaine de m\u00e9decins sp\u00e9cialistes et g\u00e9n\u00e9ralistes d\u2019Essaouira et d\u2019ailleurs issus des Centres Hospitaliers de Casablanca, de F\u00e8s et de Marrakech, a \u00e9t\u00e9 la s\u00e9ance de d\u00e9dicace et de signature du livre intitul\u00e9 \u00a0\u00bble droit m\u00e9dical\u00a0\u00bb, de son auteur le professeur Ahmed Belhouss.<\/p>\n<p>\u00a0\u00bbLes Journ\u00e9es m\u00e9dicales d\u2019Essaouira constituent un rendez-vous annuel fort attendu qui s\u2019assigne comme mission essentiellement scientifique de promouvoir et garantir la formation continue des m\u00e9decins\u00a0\u00bb, a confi\u00e9 \u00e0 la MAP, Mme Wafaa Ouahid, charg\u00e9e de la communication \u00e0 l\u2019Association des M\u00e9decins d\u2019Essaouira.<\/p>\n<p>Ce conclave se veut aussi un espace ouvert de rencontres entre m\u00e9decins praticiens et des personnes issues de diff\u00e9rents horizons et de diff\u00e9rentes cat\u00e9gories de la soci\u00e9t\u00e9, le temps d\u2019\u00e9changer et de d\u00e9battre de questions d\u2019actualit\u00e9 qui repr\u00e9sentent un int\u00e9r\u00eat commun, a-t-elle expliqu\u00e9.<\/p>\n<p>Mme Ouahid a \u00e9mis le voeu de voir les journ\u00e9es m\u00e9dicales d\u2019Essaouira s\u2019\u00e9largir \u00e0 l\u2019avenir, de contribuer \u00e0 la promotion de la formation continue parmi les m\u00e9decins, de permettre de r\u00e9unir non seulement des m\u00e9decins mais aussi des responsables d\u2019autres secteurs et d\u2019autres acteurs de la soci\u00e9t\u00e9 pour des d\u00e9bats fructueux et des \u00e9changes constructifs.<\/p>\n<p>Lors de cette rencontre, les participants ont d\u00e9battu de plusieurs th\u00e9matiques ayant trait entre autres \u00e0 \u00a0\u00bbl\u2019abdomen aigu de l\u2019enfant\u00a0\u00bb, \u00a0\u00bbhypovitamones D\u00a0\u00bb, \u00a0\u00bbdysfonction \u00e9rectile\u00a0\u00bb et \u00a0\u00bbsyndrome coronarien aigu\u00a0\u00bb.<\/p>\n<p>Par la m\u00eame occasion, un espace a \u00e9t\u00e9 am\u00e9nag\u00e9 pour abriter une exposition des diff\u00e9rents laboratoires et soci\u00e9t\u00e9s pharmaceutiques, le temps de pr\u00e9senter leurs derniers produits et m\u00e9dicaments.<\/p>\n<\/div>\n<p>Auteur: Meriem IGASS<br \/>\n<a href=\"http:\/\/www.mapmarrakech.ma\/fr\/lassociation-des-medecins-dessaouira-tient-la-3e-edition-de-ses-journees-medicales\/\">Cliquez ici pour lire l&rsquo;article depuis sa source.<\/a><\/p>\n","protected":false},"excerpt":{"rendered":"<p>Essaouira \u2013 L\u2019Association des m\u00e9decins d\u2019Essaouira a tenu les 22 et 23 mars dans la cit\u00e9 des Aliz\u00e9s, la troisi\u00e8me \u00e9dition de ses journ\u00e9es m\u00e9dicales, un \u00e9v\u00e9nement scientifique articul\u00e9 autour de la th\u00e9matique g\u00e9n\u00e9rale \u00a0\u00bbles s\u00e9vices \u00e0 enfant : dimensions psychologique, l\u00e9gale et religieuse\u00a0\u00bb. Ces rencontres se veulent un v\u00e9ritable espace de rencontres, d\u2019\u00e9change, et [&hellip;]<\/p>\n","protected":false},"author":1788,"featured_media":0,"comment_status":"closed","ping_status":"closed","sticky":false,"template":"","format":"standard","meta":{"fifu_image_url":"","fifu_image_alt":"","footnotes":""},"categories":[54,76],"tags":[],"class_list":["post-23533","post","type-post","status-publish","format-standard","hentry","category-maroc","category-regions"],"_links":{"self":[{"href":"https:\/\/linitiative.ca\/International\/wp-json\/wp\/v2\/posts\/23533","targetHints":{"allow":["GET"]}}],"collection":[{"href":"https:\/\/linitiative.ca\/International\/wp-json\/wp\/v2\/posts"}],"about":[{"href":"https:\/\/linitiative.ca\/International\/wp-json\/wp\/v2\/types\/post"}],"author":[{"embeddable":true,"href":"https:\/\/linitiative.ca\/International\/wp-json\/wp\/v2\/users\/1788"}],"replies":[{"embeddable":true,"href":"https:\/\/linitiative.ca\/International\/wp-json\/wp\/v2\/comments?post=23533"}],"version-history":[{"count":0,"href":"https:\/\/linitiative.ca\/International\/wp-json\/wp\/v2\/posts\/23533\/revisions"}],"wp:attachment":[{"href":"https:\/\/linitiative.ca\/International\/wp-json\/wp\/v2\/media?parent=23533"}],"wp:term":[{"taxonomy":"category","embeddable":true,"href":"https:\/\/linitiative.ca\/International\/wp-json\/wp\/v2\/categories?post=23533"},{"taxonomy":"post_tag","embeddable":true,"href":"https:\/\/linitiative.ca\/International\/wp-json\/wp\/v2\/tags?post=23533"}],"curies":[{"name":"wp","href":"https:\/\/api.w.org\/{rel}","templated":true}]}}