{"id":23535,"date":"2019-03-23T13:40:31","date_gmt":"2019-03-23T17:40:31","guid":{"rendered":"https:\/\/linitiative.ca\/International\/3e-festival-les-oceanes-une-caravane-verte-a-essaouira-pour-eduquer-et-sensibiliser-a-la-protection-de-lenvironnement\/"},"modified":"2019-03-23T13:40:31","modified_gmt":"2019-03-23T17:40:31","slug":"3e-festival-les-oceanes-une-caravane-verte-a-essaouira-pour-eduquer-et-sensibiliser-a-la-protection-de-lenvironnement","status":"publish","type":"post","link":"https:\/\/linitiative.ca\/International\/3e-festival-les-oceanes-une-caravane-verte-a-essaouira-pour-eduquer-et-sensibiliser-a-la-protection-de-lenvironnement\/","title":{"rendered":"3\u00e8 Festival \u00ab\u00a0Les Oc\u00e9anes\u00a0\u00bb : Une \u00ab\u00a0Caravane Verte\u00a0\u00bb \u00e0 Essaouira pour \u00e9duquer et sensibiliser \u00e0 la protection de l\u2019Environnement"},"content":{"rendered":"<div readability=\"37\">\n<p>Essaouira \u2013 Une \u00ab\u00a0Caravane Vert\u00a0\u00bb destin\u00e9e \u00e0 informer, \u00e9duquer et \u00e0 sensibiliser le public \u00e0 la protection de l\u2019environnement, a \u00e9t\u00e9 organis\u00e9e samedi \u00e0 Essaouira et ce, dans le cadre du Festival \u00a0\u00bbLes Oc\u00e9anes\u00a0\u00bb (21 au 23 mars).<\/p>\n<\/div>\n<div readability=\"132\">\n<p>Initi\u00e9e par le Secr\u00e9tariat d\u2019Etat charg\u00e9 du d\u00e9veloppement durable, cette activit\u00e9 de sensibilisation tenue sur le front de mer de la ville d\u2019Essaouira, a connu une forte affluence de la part des jeunes et moins jeunes parmi les Souiris et visiteurs de la cit\u00e9 des Aliz\u00e9s, outre des groupes d\u2019\u00e9l\u00e8ves relevant de plusieurs \u00e9tablissements scolaires.<\/p>\n<p>A cette occasion, une unit\u00e9 mobile dot\u00e9e de mat\u00e9riel audio-vid\u00e9o qui fonctionne \u00e0 l\u2019\u00e9nergie solaire a organis\u00e9 au profit du public une exposition d\u00e9di\u00e9e \u00e0 la protection de l\u2019environnement, avec un accent particulier mis sur le littoral, la for\u00eat et la montagne en tant qu\u2019espaces vitaux de biodiversit\u00e9 qui m\u00e9ritent d\u2019\u00eatre prot\u00e9g\u00e9s.<\/p>\n<p>Par la m\u00eame occasion, des explications ont \u00e9t\u00e9 fournies aux jeunes \u00e9coliers, outre la distribution de d\u00e9pliants qui illustrent en images les dangers qui guettent l\u2019environnement, les mauvais comportements \u00e0 \u00e9viter et les \u00a0\u00bbbest practices\u00a0\u00bb \u00e9co-citoyennes \u00e0 adopter pour une protection p\u00e9renne et efficiente de la nature.<\/p>\n<p>Des explications ont \u00e9t\u00e9 \u00e9galement pr\u00e9sent\u00e9es aux familles sur certaines probl\u00e9matiques li\u00e9es \u00e0 l\u2019environnement au niveau de la province d\u2019Essaouira.<\/p>\n<p>A travers ce genre de \u00a0\u00bbCaravane Verte\u00a0\u00bb, le Secr\u00e9tariat d\u2019Etat charg\u00e9 du D\u00e9veloppement Durable ambitionne, entre autres, de d\u00e9centraliser et promouvoir \u00e0 plus large \u00e9chelle les activit\u00e9s de sensibilisation environnementale et d\u2019\u00e9ducation \u00e0 l\u2019environnement et au d\u00e9veloppement durable, a confi\u00e9 \u00e0 la MAP, M. Yassine Alkaa, repr\u00e9sentant provincial de la Direction r\u00e9gionale de l\u2019environnement de Marrakech-Safi.<\/p>\n<p>Et de poursuivre que cette \u00ab\u00a0Caravane Verte\u00a0\u00bb constitue un moyen de communication et d\u2019\u00e9ducation \u00e0 l\u2019environnement, interactif et \u00e0 l\u2019\u00e9coute des populations en termes d\u2019information, de sensibilisation, et de mobilisation, faisant observer que lors de cette manifestation ayant b\u00e9n\u00e9fici\u00e9 de la contribution de b\u00e9n\u00e9voles de l\u2019Ecole Sup\u00e9rieure de Technologie (EST) d\u2019Essaouira, les personnes cibl\u00e9es ont fait montre d\u2019une grande sensibilit\u00e9 tout en r\u00e9it\u00e9rant leur engagement \u00e0 contribuer aux efforts d\u00e9ploy\u00e9s pour un environnement propre.<\/p>\n<p>A noter que ces \u00a0\u00bbCaravanes Vertes\u00a0\u00bb con\u00e7ues de mani\u00e8re \u00e0 sillonner les diff\u00e9rentes villes du Royaume se proposent de promouvoir l\u2019\u00e9ducation \u00e0 l\u2019environnement dans les \u00e9tablissements scolaires, les maisons de jeunes, les colonies de vacances, les centres d\u2019estivage, les centres de protection sociale\u2026etc.<\/p>\n<p>Elles visent, en outre, \u00e0 contribuer \u00e0 faire de l\u2019environnement un sujet de discussion et de d\u00e9bat public, \u00e0 travers l\u2019organisation de s\u00e9ances de vulgarisation et de sensibilisation, la pr\u00e9sentation d\u2019une exposition itin\u00e9rante, et la diffusion de films sur l\u2019environnement.<\/p>\n<p>Initi\u00e9 par l\u2019Institut Fran\u00e7ais d\u2019Essaouira (IFE), le Festival \u00a0\u00bbLes Oc\u00e9anes\u00a0\u00bb est marqu\u00e9 par une programmation d\u2019activit\u00e9s riches et vari\u00e9es alliant, sports de glisse, arts et protection de l\u2019environnement.<\/p>\n<p>Au menu figurent des projections de films et de documentaires : \u00ab\u00a0A plastic Ocean\u00a0\u00bb, \u00ab\u00a0Beyond\u00a0\u00bb et \u00ab\u00a0Blue\u00a0\u00bb, des expositions d\u2019oeuvres artistiques, des conf\u00e9rences, des ateliers, et des expos\u00e9s scientifiques autour des th\u00e9matiques \u00ab\u00a0Oc\u00e9an et Ecologie\u00a0\u00bb, \u00ab\u00a0Oc\u00e9an et Surf\u00a0\u00bb et \u00ab\u00a0Oc\u00e9an et Vie\u00a0\u00bb.<\/p>\n<p>L\u2019objectif \u00e9tant de contribuer \u00e0 une meilleure sensibilisation quant \u00e0 la pr\u00e9servation du littoral en particulier et de l\u2019environnement de mani\u00e8re g\u00e9n\u00e9rale et ce, via des \u00ab\u00a0classes bleues\u00a0\u00bb r\u00e9serv\u00e9es aux \u00e9coliers.<\/p>\n<p>Le Festival est aussi l\u2019occasion pour le jeune plasticien souiri, Nourredine Ouarrhim, de r\u00e9aliser une s\u00e9rie de fresques murales, outre le vernissage d\u2019une exposition de photographies intitul\u00e9e \u00ab\u00a0Les Pionni\u00e8res\u00a0\u00bb de Fran\u00e7ois Beaurain.<\/p>\n<p>Au cours de ce festival, les jeunes ont, en outre, \u00e0 profiter de sessions d\u2019initiation aux sports nautiques dans des clubs de la cit\u00e9 des aliz\u00e9s.<\/p>\n<\/div>\n<p>Auteur: Meriem IGASS<br \/>\n<a href=\"http:\/\/www.mapmarrakech.ma\/fr\/3e-festival-les-oceanes-une-caravane-verte-a-essaouira-pour-eduquer-et-sensibiliser-a-la-protection-de-lenvironnement\/\">Cliquez ici pour lire l&rsquo;article depuis sa source.<\/a><\/p>\n","protected":false},"excerpt":{"rendered":"<p>Essaouira \u2013 Une \u00ab\u00a0Caravane Vert\u00a0\u00bb destin\u00e9e \u00e0 informer, \u00e9duquer et \u00e0 sensibiliser le public \u00e0 la protection de l\u2019environnement, a \u00e9t\u00e9 organis\u00e9e samedi \u00e0 Essaouira et ce, dans le cadre du Festival \u00a0\u00bbLes Oc\u00e9anes\u00a0\u00bb (21 au 23 mars). Initi\u00e9e par le Secr\u00e9tariat d\u2019Etat charg\u00e9 du d\u00e9veloppement durable, cette activit\u00e9 de sensibilisation tenue sur le front [&hellip;]<\/p>\n","protected":false},"author":1788,"featured_media":0,"comment_status":"closed","ping_status":"closed","sticky":false,"template":"","format":"standard","meta":{"fifu_image_url":"","fifu_image_alt":"","footnotes":""},"categories":[54,76],"tags":[],"class_list":["post-23535","post","type-post","status-publish","format-standard","hentry","category-maroc","category-regions"],"_links":{"self":[{"href":"https:\/\/linitiative.ca\/International\/wp-json\/wp\/v2\/posts\/23535","targetHints":{"allow":["GET"]}}],"collection":[{"href":"https:\/\/linitiative.ca\/International\/wp-json\/wp\/v2\/posts"}],"about":[{"href":"https:\/\/linitiative.ca\/International\/wp-json\/wp\/v2\/types\/post"}],"author":[{"embeddable":true,"href":"https:\/\/linitiative.ca\/International\/wp-json\/wp\/v2\/users\/1788"}],"replies":[{"embeddable":true,"href":"https:\/\/linitiative.ca\/International\/wp-json\/wp\/v2\/comments?post=23535"}],"version-history":[{"count":0,"href":"https:\/\/linitiative.ca\/International\/wp-json\/wp\/v2\/posts\/23535\/revisions"}],"wp:attachment":[{"href":"https:\/\/linitiative.ca\/International\/wp-json\/wp\/v2\/media?parent=23535"}],"wp:term":[{"taxonomy":"category","embeddable":true,"href":"https:\/\/linitiative.ca\/International\/wp-json\/wp\/v2\/categories?post=23535"},{"taxonomy":"post_tag","embeddable":true,"href":"https:\/\/linitiative.ca\/International\/wp-json\/wp\/v2\/tags?post=23535"}],"curies":[{"name":"wp","href":"https:\/\/api.w.org\/{rel}","templated":true}]}}