{"id":23541,"date":"2019-03-23T10:12:15","date_gmt":"2019-03-23T14:12:15","guid":{"rendered":"https:\/\/linitiative.ca\/International\/oran-plantation-de-plus-de-10-000-arbres-au-niveau-des-axes-routiers\/"},"modified":"2019-03-23T10:12:15","modified_gmt":"2019-03-23T14:12:15","slug":"oran-plantation-de-plus-de-10-000-arbres-au-niveau-des-axes-routiers","status":"publish","type":"post","link":"https:\/\/linitiative.ca\/International\/oran-plantation-de-plus-de-10-000-arbres-au-niveau-des-axes-routiers\/","title":{"rendered":"Oran: plantation de plus de 10.000 arbres au niveau des axes routiers"},"content":{"rendered":"<div>\n<div class=\"K2FeedImage\"><img decoding=\"async\" src=\"http:\/\/www.aps.dz\/media\/k2\/items\/cache\/16fdf58e06a63eef26484b6b8013079d_S.jpg\" alt=\"Oran: plantation de plus de 10.000 arbres au niveau des axes routiers\"><\/div>\n<div class=\"K2FeedIntroText\">\n<p>ORAN &#8211; Plus de 10.000 arbres ont \u00e9t\u00e9 plant\u00e9s dans la wilaya d&rsquo;Oran le long des axes routiers durant le premier trimestre de l&rsquo;ann\u00e9e en cours, a-t-on appris aupr\u00e8s de la Conservation des for\u00eats.<\/p>\n<\/div>\n<div class=\"K2FeedFullText\">\n<blockquote>\n<p><em><strong>L&rsquo;op\u00e9ration de plantation d&rsquo;arbres \u00e0 laquelle ont pris part les services des for\u00eats et des associations environnementales a touch\u00e9 plusieurs axes routiers, \u00e0 l&rsquo;instar des 3\u00e8me et 4\u00e8me p\u00e9riph\u00e9riques, les routes nationales et chemins de wilaya, a-t-on indiqu\u00e9.<\/strong><\/em><\/p>\n<\/blockquote>\n<p>Diverses esp\u00e8ces d&rsquo;arbres ont \u00e9t\u00e9 plant\u00e9es \u00e0 l&rsquo;instar du pin d&rsquo;Alep, de l&rsquo;eucalyptus, du caroubier, du cypr\u00e8s et autres essences, a-t-on pr\u00e9cis\u00e9.<\/p>\n<p>La semaine derni\u00e8re, \u00e0 l&rsquo;occasion de la c\u00e9l\u00e9bration de la journ\u00e9e mondiale des for\u00eats co\u00efncidant avec le 21 mars de chaque ann\u00e9e, plus de 1.000 arbres ont \u00e9t\u00e9 plant\u00e9s \u00e0 la for\u00eat de Canastel, dans la localit\u00e9 de Belga\u00efd, avec la participation de l&rsquo;entreprise Eco-vert d&rsquo;Oran, des associations \u00e9cologiques, des \u00e9coliers et autres franges de la soci\u00e9t\u00e9.<\/p>\n<p>Cette op\u00e9ration a constitu\u00e9 une occasion pour la distribution des dipl\u00f4mes \u00e0 50 chasseurs admis \u00e0 l&rsquo;examen de qualification pour l&rsquo;obtention du permis de chasse.<\/p>\n<blockquote>\n<p><em><strong>L&rsquo;objectif de ces op\u00e9rations de plantation est d&rsquo;augmenter les surfaces bois\u00e9es, de pr\u00e9server l&rsquo;environnement et d&rsquo;ancrer la culture de reboisement et de prot\u00e9ger le patrimoine forestier \u00e0 travers le territoire de la wilaya d&rsquo;Oran.<\/strong><\/em><\/p>\n<\/blockquote>\n<\/div>\n<\/div>\n<p>Auteur:<br \/>\n<a href=\"http:\/\/www.aps.dz\/regions\/87202-oran-plantation-de-plus-de-10-000-arbres-au-niveau-des-axes-routiers\">Cliquez ici pour lire l&rsquo;article depuis sa source.<\/a><\/p>\n","protected":false},"excerpt":{"rendered":"<p>ORAN &#8211; Plus de 10.000 arbres ont \u00e9t\u00e9 plant\u00e9s dans la wilaya d&rsquo;Oran le long des axes routiers durant le premier trimestre de l&rsquo;ann\u00e9e en cours, a-t-on appris aupr\u00e8s de la Conservation des for\u00eats. L&rsquo;op\u00e9ration de plantation d&rsquo;arbres \u00e0 laquelle ont pris part les services des for\u00eats et des associations environnementales a touch\u00e9 plusieurs axes [&hellip;]<\/p>\n","protected":false},"author":1790,"featured_media":23542,"comment_status":"closed","ping_status":"closed","sticky":false,"template":"","format":"standard","meta":{"fifu_image_url":"","fifu_image_alt":"","footnotes":""},"categories":[53,76],"tags":[],"class_list":["post-23541","post","type-post","status-publish","format-standard","has-post-thumbnail","hentry","category-algerie","category-regions"],"_links":{"self":[{"href":"https:\/\/linitiative.ca\/International\/wp-json\/wp\/v2\/posts\/23541","targetHints":{"allow":["GET"]}}],"collection":[{"href":"https:\/\/linitiative.ca\/International\/wp-json\/wp\/v2\/posts"}],"about":[{"href":"https:\/\/linitiative.ca\/International\/wp-json\/wp\/v2\/types\/post"}],"author":[{"embeddable":true,"href":"https:\/\/linitiative.ca\/International\/wp-json\/wp\/v2\/users\/1790"}],"replies":[{"embeddable":true,"href":"https:\/\/linitiative.ca\/International\/wp-json\/wp\/v2\/comments?post=23541"}],"version-history":[{"count":0,"href":"https:\/\/linitiative.ca\/International\/wp-json\/wp\/v2\/posts\/23541\/revisions"}],"wp:featuredmedia":[{"embeddable":true,"href":"https:\/\/linitiative.ca\/International\/wp-json\/"}],"wp:attachment":[{"href":"https:\/\/linitiative.ca\/International\/wp-json\/wp\/v2\/media?parent=23541"}],"wp:term":[{"taxonomy":"category","embeddable":true,"href":"https:\/\/linitiative.ca\/International\/wp-json\/wp\/v2\/categories?post=23541"},{"taxonomy":"post_tag","embeddable":true,"href":"https:\/\/linitiative.ca\/International\/wp-json\/wp\/v2\/tags?post=23541"}],"curies":[{"name":"wp","href":"https:\/\/api.w.org\/{rel}","templated":true}]}}