{"id":23543,"date":"2019-03-23T11:45:39","date_gmt":"2019-03-23T15:45:39","guid":{"rendered":"https:\/\/linitiative.ca\/International\/inondations-un-projet-de-protection-de-la-partie-basse-dali-mendjeli-avant-fin-avril\/"},"modified":"2019-03-23T11:45:39","modified_gmt":"2019-03-23T15:45:39","slug":"inondations-un-projet-de-protection-de-la-partie-basse-dali-mendjeli-avant-fin-avril","status":"publish","type":"post","link":"https:\/\/linitiative.ca\/International\/inondations-un-projet-de-protection-de-la-partie-basse-dali-mendjeli-avant-fin-avril\/","title":{"rendered":"Inondations: un projet de protection de la partie basse d&rsquo;Ali Mendjeli avant fin avril"},"content":{"rendered":"<div>\n<div class=\"K2FeedImage\"><img decoding=\"async\" src=\"http:\/\/www.aps.dz\/media\/k2\/items\/cache\/1c2c84729af21cf4e11a4da7e58dc52f_S.jpg\" alt=\"Inondations: un projet de protection de la partie basse d'Ali Mendjeli avant fin avril\"><\/div>\n<div class=\"K2FeedIntroText\">\n<p>CONSTANTINE &#8211; Un projet de protection de la partie basse de la ville d&rsquo;Ali Mendjeli, dans la wilaya de Constantine, contre les inondations sera r\u00e9ceptionn\u00e9 \u00ab\u00a0d&rsquo;ici \u00e0 fin avril prochain\u00a0\u00bb, a rapport\u00e9 samedi la direction des Ressources en eaux.<\/p>\n<\/div>\n<div class=\"K2FeedFullText\">\n<p>Les travaux de r\u00e9alisation de ce projet, confi\u00e9s \u00e0 deux entreprises nationalesj \u00ab\u00a0tirent \u00e0 leur fin\u00a0\u00bb, avec un taux d&rsquo;avancement \u00a0\u00bbd&rsquo;environ 95%\u00a0\u00bb, a indiqu\u00e9 la direction, mettant l&rsquo;accent sur l&rsquo;importance de cette op\u00e9ration structurante pour cette r\u00e9gion inondable et travers\u00e9e par un oued.<\/p>\n<blockquote>\n<p><em><strong>Le projet a \u00e9t\u00e9 scind\u00e9 en deux lots, dont le premier, portant sur la r\u00e9alisation d&rsquo;un pertuis canal permettant le passage de l&rsquo;eau et freinage des crues a \u00e9t\u00e9 d\u00e9j\u00e0 achev\u00e9, et le second lot portant sur la construction d&rsquo;un collecteur des eaux pluviales d&rsquo;un lin\u00e9aire de 2km destin\u00e9 \u00e0 lutter contre les inondations mena\u00e7ant cette r\u00e9gion est \u00ab\u00a0sur le point d&rsquo;\u00eatre r\u00e9ceptionn\u00e9\u00a0\u00bb, a pr\u00e9cis\u00e9 la m\u00eame source.<\/strong><\/em><\/p>\n<\/blockquote>\n<p>La direction des Ressources en eau a, \u00e9galement, expliqu\u00e9 que la r\u00e9alisation de ce projet, lanc\u00e9 en 2016 pour un d\u00e9lai de 18 mois, avait \u00e9t\u00e9 quelques peu perturb\u00e9e en raison des al\u00e9as caus\u00e9s par le chantier de l&rsquo;extension du tramway ouvert sur ce m\u00eame site.<\/p>\n<p>L&rsquo;op\u00e9ration de protection de la partie basse de la ville Ali Mendjeli contre les inondations avait \u00e9t\u00e9 d\u00e9cid\u00e9e au profit de la wilaya dans le cadre d&rsquo;un \u00a0\u00bbplan d&rsquo;urgence\u00a0\u00bb retenu au lendemain des crues qui avaient affect\u00e9 fin ao\u00fbt 2015 cette agglom\u00e9ration, a-t-on rappel\u00e9.<\/p>\n<blockquote>\n<p><em><strong>Une enveloppe financi\u00e8re \u00e9valu\u00e9e \u00e0 700 millions de dinars avait \u00e9t\u00e9 d\u00e9gag\u00e9e pour la r\u00e9alisation de ce projet implant\u00e9 \u00e0 l&rsquo;entr\u00e9e de la ville Ali Mendjeli, a rappel\u00e9 la m\u00eame source, insistant sur l&rsquo;urgence de r\u00e9gler le probl\u00e8me d&rsquo;\u00e9vacuation des eaux pluviales, \u00ab\u00a0cause principale des inondations mena\u00e7ant cette agglom\u00e9ration\u00a0\u00bb.<\/strong><\/em><\/p>\n<\/blockquote>\n<p>Ce projet men\u00e9 en \u00e9troite collaboration avec le minist\u00e8re de l&rsquo;Int\u00e9rieur, des Collectivit\u00e9s locales et de l&rsquo;Am\u00e9nagement du territoire s&rsquo;inscrit au titre de la strat\u00e9gie nationale de lutte contre les inondations, a ajout\u00e9 la m\u00eame source, rappelant que l&rsquo;\u00e9tude r\u00e9alis\u00e9e r\u00e9cemment par le minist\u00e8re des Ressource en eau sur la probl\u00e9matique des inondations a class\u00e9 la ville Ali Mendjeli parmi \u00ab\u00a0les r\u00e9gions \u00e0 haut risque\u00a0\u00bb qui n\u00e9cessitent des interventions sur le terrain pour rem\u00e9dier au ph\u00e9nom\u00e8ne.<\/p>\n<\/div>\n<\/div>\n<p>Auteur:<br \/>\n<a href=\"http:\/\/www.aps.dz\/regions\/87210-inondations-reception-avant-fin-avril-d-un-projet-de-protection-de-la-partie-basse-d-ali-mendjeli\">Cliquez ici pour lire l&rsquo;article depuis sa source.<\/a><\/p>\n","protected":false},"excerpt":{"rendered":"<p>CONSTANTINE &#8211; Un projet de protection de la partie basse de la ville d&rsquo;Ali Mendjeli, dans la wilaya de Constantine, contre les inondations sera r\u00e9ceptionn\u00e9 \u00ab\u00a0d&rsquo;ici \u00e0 fin avril prochain\u00a0\u00bb, a rapport\u00e9 samedi la direction des Ressources en eaux. Les travaux de r\u00e9alisation de ce projet, confi\u00e9s \u00e0 deux entreprises nationalesj \u00ab\u00a0tirent \u00e0 leur fin\u00a0\u00bb, [&hellip;]<\/p>\n","protected":false},"author":1790,"featured_media":23544,"comment_status":"closed","ping_status":"closed","sticky":false,"template":"","format":"standard","meta":{"fifu_image_url":"","fifu_image_alt":"","footnotes":""},"categories":[53,76],"tags":[],"class_list":["post-23543","post","type-post","status-publish","format-standard","has-post-thumbnail","hentry","category-algerie","category-regions"],"_links":{"self":[{"href":"https:\/\/linitiative.ca\/International\/wp-json\/wp\/v2\/posts\/23543","targetHints":{"allow":["GET"]}}],"collection":[{"href":"https:\/\/linitiative.ca\/International\/wp-json\/wp\/v2\/posts"}],"about":[{"href":"https:\/\/linitiative.ca\/International\/wp-json\/wp\/v2\/types\/post"}],"author":[{"embeddable":true,"href":"https:\/\/linitiative.ca\/International\/wp-json\/wp\/v2\/users\/1790"}],"replies":[{"embeddable":true,"href":"https:\/\/linitiative.ca\/International\/wp-json\/wp\/v2\/comments?post=23543"}],"version-history":[{"count":0,"href":"https:\/\/linitiative.ca\/International\/wp-json\/wp\/v2\/posts\/23543\/revisions"}],"wp:featuredmedia":[{"embeddable":true,"href":"https:\/\/linitiative.ca\/International\/wp-json\/"}],"wp:attachment":[{"href":"https:\/\/linitiative.ca\/International\/wp-json\/wp\/v2\/media?parent=23543"}],"wp:term":[{"taxonomy":"category","embeddable":true,"href":"https:\/\/linitiative.ca\/International\/wp-json\/wp\/v2\/categories?post=23543"},{"taxonomy":"post_tag","embeddable":true,"href":"https:\/\/linitiative.ca\/International\/wp-json\/wp\/v2\/tags?post=23543"}],"curies":[{"name":"wp","href":"https:\/\/api.w.org\/{rel}","templated":true}]}}