{"id":23545,"date":"2019-03-23T11:53:35","date_gmt":"2019-03-23T15:53:35","guid":{"rendered":"https:\/\/linitiative.ca\/International\/oran-une-recolte-previsionnelle-de-200-000-quintaux-de-cereales\/"},"modified":"2019-03-23T11:53:35","modified_gmt":"2019-03-23T15:53:35","slug":"oran-une-recolte-previsionnelle-de-200-000-quintaux-de-cereales","status":"publish","type":"post","link":"https:\/\/linitiative.ca\/International\/oran-une-recolte-previsionnelle-de-200-000-quintaux-de-cereales\/","title":{"rendered":"Oran : une r\u00e9colte pr\u00e9visionnelle de 200.000 quintaux de c\u00e9r\u00e9ales"},"content":{"rendered":"<div>\n<div class=\"K2FeedImage\"><img decoding=\"async\" src=\"http:\/\/www.aps.dz\/media\/k2\/items\/cache\/5cc673c59f3e26be76e211ff5adbf0e4_S.jpg\" alt=\"Oran : une r\u00e9colte pr\u00e9visionnelle de 200.000 quintaux de c\u00e9r\u00e9ales\"><\/div>\n<div class=\"K2FeedIntroText\">\n<p>ORAN &#8211; La Coop\u00e9rative des c\u00e9r\u00e9ales et l\u00e9gumes secs (CCLS) d\u2019Oran pr\u00e9voit une hausse de la\u00a0r\u00e9colte de diff\u00e9rentes vari\u00e9t\u00e9s de c\u00e9r\u00e9ales durant la saison agricole 2018-2019 avec une pr\u00e9vision de 200.000 quintaux, a-t-on appris de cette instance.<\/p>\n<\/div>\n<div class=\"K2FeedFullText\">\n<p>En d\u00e9pit de la faible pluviom\u00e9trie enregistr\u00e9e cette ann\u00e9e, la CCLS table sur la collecte de 200.000 quintaux cette saison, contre 183.000 qx la saison \u00e9coul\u00e9e, a indiqu\u00e9 son vice-directeur charg\u00e9 des semences et du soutien \u00e0 la production.<\/p>\n<blockquote>\n<p><em><strong>La hausse pr\u00e9vue s&rsquo;explique par l\u2019irrigation d&rsquo;appoint adopt\u00e9e par les agriculteurs, a fait savoir Ayoub Tayebi, soulignant que la Direction g\u00e9n\u00e9rale de l\u2019Office national interprofessionnel des c\u00e9r\u00e9ales insiste sur la n\u00e9cessit\u00e9 de l\u2019accompagnement des agriculteurs dans cette op\u00e9ration et le rapprochement de la CCLS pour acqu\u00e9rir ces \u00e9quipements d&rsquo;irrigation.<\/strong><\/em><\/p>\n<\/blockquote>\n<p>En pr\u00e9paration de la saison moisson-battage, tous les moyens n\u00e9cessaires pour sa r\u00e9ussite ont \u00e9t\u00e9 mobilis\u00e9s. Les entrep\u00f4ts sont am\u00e9nag\u00e9s et nettoy\u00e9s, et les \u00e9quipements ont fait l&rsquo;objet de maintenance, en plus de la fourniture du mat\u00e9riel de moisson et la mise en service d&rsquo;\u00e9quipes pour faciliter aux agriculteurs l\u2019op\u00e9ration d\u2019acquisition, selon le m\u00eame responsable.<\/p>\n<blockquote>\n<p><em><strong>Dans ce cadre, la CCLS appelle les agriculteurs \u00e0 se rapprocher d&rsquo;elle pour d\u00e9poser les demandes d&rsquo;obtention des moissonneuses-batteuses avant le lancement de l\u2019op\u00e9ration moisson-battage et les programmer en vue du bon d\u00e9roulement de l&rsquo;op\u00e9ration, affirmant qu&rsquo;elle est pr\u00eate \u00e0 accueillir la r\u00e9colte \u00e0 la mi mai prochain.<\/strong><\/em><\/p>\n<\/blockquote>\n<p>Dans le domaine du stockage, la CCLS compte augmenter ses capacit\u00e9s \u00e0 Oran \u00e0 550.000 qx pour renforcer les capacit\u00e9s de stockage disponibles, actuellement estim\u00e9es \u00e0 220.000 qx r\u00e9partis sur les docks silos de hai Es-salem, de la localit\u00e9 de Sidi Belkheir (Oued Tl\u00e9let) et d\u2019Es S\u00e9nia.<\/p>\n<\/div>\n<\/div>\n<p>Auteur:<br \/>\n<a href=\"http:\/\/www.aps.dz\/regions\/87211-oran-une-collecte-previsionnelle-de-200-000-quintaux-de-cereales\">Cliquez ici pour lire l&rsquo;article depuis sa source.<\/a><\/p>\n","protected":false},"excerpt":{"rendered":"<p>ORAN &#8211; La Coop\u00e9rative des c\u00e9r\u00e9ales et l\u00e9gumes secs (CCLS) d\u2019Oran pr\u00e9voit une hausse de la\u00a0r\u00e9colte de diff\u00e9rentes vari\u00e9t\u00e9s de c\u00e9r\u00e9ales durant la saison agricole 2018-2019 avec une pr\u00e9vision de 200.000 quintaux, a-t-on appris de cette instance. En d\u00e9pit de la faible pluviom\u00e9trie enregistr\u00e9e cette ann\u00e9e, la CCLS table sur la collecte de 200.000 quintaux [&hellip;]<\/p>\n","protected":false},"author":1790,"featured_media":23546,"comment_status":"closed","ping_status":"closed","sticky":false,"template":"","format":"standard","meta":{"fifu_image_url":"","fifu_image_alt":"","footnotes":""},"categories":[53,76],"tags":[],"class_list":["post-23545","post","type-post","status-publish","format-standard","has-post-thumbnail","hentry","category-algerie","category-regions"],"_links":{"self":[{"href":"https:\/\/linitiative.ca\/International\/wp-json\/wp\/v2\/posts\/23545","targetHints":{"allow":["GET"]}}],"collection":[{"href":"https:\/\/linitiative.ca\/International\/wp-json\/wp\/v2\/posts"}],"about":[{"href":"https:\/\/linitiative.ca\/International\/wp-json\/wp\/v2\/types\/post"}],"author":[{"embeddable":true,"href":"https:\/\/linitiative.ca\/International\/wp-json\/wp\/v2\/users\/1790"}],"replies":[{"embeddable":true,"href":"https:\/\/linitiative.ca\/International\/wp-json\/wp\/v2\/comments?post=23545"}],"version-history":[{"count":0,"href":"https:\/\/linitiative.ca\/International\/wp-json\/wp\/v2\/posts\/23545\/revisions"}],"wp:featuredmedia":[{"embeddable":true,"href":"https:\/\/linitiative.ca\/International\/wp-json\/"}],"wp:attachment":[{"href":"https:\/\/linitiative.ca\/International\/wp-json\/wp\/v2\/media?parent=23545"}],"wp:term":[{"taxonomy":"category","embeddable":true,"href":"https:\/\/linitiative.ca\/International\/wp-json\/wp\/v2\/categories?post=23545"},{"taxonomy":"post_tag","embeddable":true,"href":"https:\/\/linitiative.ca\/International\/wp-json\/wp\/v2\/tags?post=23545"}],"curies":[{"name":"wp","href":"https:\/\/api.w.org\/{rel}","templated":true}]}}