{"id":23549,"date":"2019-03-23T15:14:16","date_gmt":"2019-03-23T19:14:16","guid":{"rendered":"https:\/\/linitiative.ca\/International\/ligue-1-2-mco-heriat-ratera-le-match-de-coupe\/"},"modified":"2019-03-23T15:14:16","modified_gmt":"2019-03-23T19:14:16","slug":"ligue-1-2-mco-heriat-ratera-le-match-de-coupe","status":"publish","type":"post","link":"https:\/\/linitiative.ca\/International\/ligue-1-2-mco-heriat-ratera-le-match-de-coupe\/","title":{"rendered":"Ligue 1 &amp; 2 : MCO : Heriat ratera le match de coupe"},"content":{"rendered":"<div readability=\"32\">\n<p>Auteur : <span>Houari B.<\/span> <span class=\"time\">samedi 23 mars 2019 10:10<\/span><\/p>\n<\/div>\n<div id=\"post_core\" readability=\"82\">\n<p>La d\u00e9cision de reporter le match face au MCA, pr\u00e9vue jeudi pass\u00e9 au stade du 5-Juillet, ne semble pas arranger les affaires du MCO. Un rendez-vous qui aurait pu permettre aux Hamraoua de r\u00e9cup\u00e9rer un \u00e9l\u00e9ment cl\u00e9 dans l\u2019\u00e9chiquier de Cavalli \u00e0 l\u2019issue de cette confrontation. Du coup, l\u2019\u00e9quipe se retrouve devant un nouveau dilemme celui de l\u2019absence de l\u2019un de ses cadres en pr\u00e9vision du match retour de la Coupe d\u2019Alg\u00e9rie. En effet, le milieu Hamza Heriet n\u2019a pas eu l\u2019opportunit\u00e9 de purger sa suspension automatique jeudi dernier apr\u00e8s avoir \u00e9cop\u00e9 d\u2019un quatri\u00e8me carton face \u00e0 l\u2019ESS. Le joueur sera le grand absent du choc contre le CSC.<br \/><strong>Inconsolable, il souhaite avancer le match de M\u00e9d\u00e9a<\/strong><br \/>L\u2019enfant de Biskra est dans un \u00e9tat psychologique d\u00e9licat et semble abattu de faire l\u2019impasse sur un tel rendez-vous en Coupe d\u2019Alg\u00e9rie. D\u00e9\u00e7u, Heriet est inconsolable et n\u2019a plus le moral. D\u2019ailleurs, il a appel\u00e9 le pr\u00e9sident de section Krimo Hassani afin de s\u2019enqu\u00e9rir de la nouvelle programmation. Le milieu oranais esp\u00e8re un nouveau calendrier qui pourrait arranger les choses et lui apporter surtout un cadeau du ciel. Heriet croise les doigts pour que la 25\u00e8me\u00a0 journ\u00e9e du championnat soit reprogramm\u00e9e avant le match retour des quarts de finale de la Coupe d\u2019Alg\u00e9rie. Pour lui, la Ligue pourrait programmer le match face \u00e0 l\u2019OM mais Krimo Hassani lui a confirm\u00e9 que cette rencontre aura lieu apr\u00e8s le match de coupe face au CSC. Une confirmation qui l\u2019a mis dans tous ses \u00e9tats.<br \/><strong>Heriet : \u00abJe n\u2019ai plus le moral\u00bb<\/strong><br \/>Le milieu du MCO nous confirme son \u00e9tat d\u2019esprit et son moral au plat \u00e0 l\u2019issue du report du match face au MCA et la confirmation de son absence lors du duel contre les Constantinois. \u00abSinc\u00e8rement, je suis abattu et je n\u2019ai plus le moral. Cette suspension intervient dans une p\u00e9riode d\u00e9licate pour mon \u00e9quipe et je tenais \u00e0 disputer le match retour de la coupe contre le CSC. C\u2019est un rendez-vous important et d\u00e9terminant pour l\u2019\u00e9quipe et je ne voulais gu\u00e8re faire l\u2019impasse sur cette rencontre. Je dirai que la programmation m\u2019a priv\u00e9 d\u2019un tel match d\u00e9cisif, ce qui m\u2019a vraiment affect\u00e9.\u00bb<\/p>\n<p><strong>\u00abJe n\u2019arrive pas \u00e0 comprendre ce troisi\u00e8me report de suite\u00bb<\/strong><br \/>\u00abJe suis vraiment tr\u00e8s \u00e9tonn\u00e9 et je ne comprend plus cette programmation. Je n\u2019arrive pas \u00e0 comprendre ce troisi\u00e8me report de suite. Le premier report a \u00e9t\u00e9 li\u00e9 \u00e0 la participation du MCA \u00e0 la Coupe Arabe, ensuite c\u2019\u00e9tait pour des raisons s\u00e9curitaires. Mais pour jeudi pass\u00e9, je ne trouve aucune explication. L\u2019excuse de la date FIFA ne m\u2019a pas convaincu.\u00bb<br \/><strong>\u00abOn se sacrifiera pour maintenir le MCO en Ligue 1 Mobilis\u00bb<\/strong><br \/>\u00abNotre situation en championnat s\u2019est compliqu\u00e9e et nous sommes plus que jamais menac\u00e9s par la rel\u00e9gation. Le dernier revers face \u00e0 l\u2019ESS n\u2019a pas du tout arrang\u00e9 les choses. Nous allons se sacrifier pour sauver le MCO et \u00e9viter le purgatoire. On va tout donner pour pr\u00e9server la place de ce prestigieux club en Ligue 1Mobilis. C\u2019est la place qui m\u00e9rite et pas ailleurs.\u00bb<br \/>\u00a0<\/p>\n<p><strong>Il nie avoir critiqu\u00e9 les choix de Cavalli<br \/>Sebbah : \u00abOn ne l\u00e2chera pas la coupe et on sauvera leMouloudia de la rel\u00e9gation\u00bb<\/strong><\/p>\n<p>Le d\u00e9fenseur Zine El Abidine Sebbah nous confirme qu\u2019il accepte la d\u00e9cision de son coach qui l\u2019a rel\u00e9gu\u00e9 sur le banc des rempla\u00e7ants lors de l\u2019ultime match face \u00e0 l\u2019ESS. \u00abCe n\u2019est pas aussi important de jouer titulaire ou rester sur le banc des rempla\u00e7ants, car l\u2019int\u00e9r\u00eat du club passe avant toute autre consid\u00e9ration personnelle. Il reste cinq matchs d\u00e9cisifs \u00e0 disputer et nous n\u2019avons plus droit \u00e0 l\u2019erreur. On doit penser \u00e0 l\u2019avenir du MCO et tout donner pour le sauver de la rel\u00e9gation. En plus du championnat, nous n\u2019allons pas l\u00e2cher la coupe qui reste un objectif.\u00bb<br \/><strong>\u00abPourquoi je suis vis\u00e9 ?\u00bb<\/strong><br \/>Sebbah s\u2019interroge sur le comportement de certains perturbateurs qui visent \u00e0 nuire \u00e0 sa personne. \u00abJe ne comprends pas l\u2019attitude de certains gens qui veulent salir mon image et v coute que coute me casser. Ils veulent vraiment me chasser par la petite porte sans raison valable. Et pourtant, j\u2019ai tout donn\u00e9 \u00e0 mon club et continue \u00e0 me sacrifier pour donner le meilleur de moi-m\u00eame au MCO. Sinc\u00e8rement, je reste perplexe. Je laisse ses gens avec leur conscience.\u00bb<br \/><strong>\u00abJe n\u2019ai jamais critiqu\u00e9 Cavalli\u00bb<\/strong><br \/>Le d\u00e9fenseur axial revient sur les choix tactique et technique du staff technique et confirme qu\u2019il accepte les d\u00e9cisions de son entraineur et qu\u2019il n\u2019a jamais critiqu\u00e9 Cavalli : \u00abJe n\u2019ai jamais critiqu\u00e9 ou contest\u00e9 les choix et les d\u00e9cisions de l\u2019entraineur Cavalli. Celui qui a publi\u00e9 cette intox ne veut que nuire \u00e0 ma personne et semer la zizanie au sein de l\u2019\u00e9quipe. Ils visent \u00e0 cr\u00e9er un probl\u00e8me entre moi et le staff technique mais surtout avec nos supporters. Lors du match face \u00e0 l\u2019ESS, j\u2019ai bien accept\u00e9 de rester rempla\u00e7ant et rien ne s\u2019est pass\u00e9. Arr\u00eatons de pol\u00e9miquer car le MCO n\u2019a pas besoin de ce genre de probl\u00e8mes.\u00bb<br \/><strong>\u00abQui ne veut pas \u00eatre titulaire ? Mais\u2026\u00bb<\/strong><br \/>Sebbah a conclu son entretien de lancer un message aux amoureux du club : \u00abIl n\u2019y a pas de joueurs titulaires et rempla\u00e7ants au MCO. Je ne cannais pas un joueur qui n\u2019aime pas \u00eatre titulaire et jouer le maximum de matchs. Qui ne veut pas \u00eatre titulaire ? Mais on doit respecter les choix et les d\u00e9cisions du staff technique. On veut toujours jouer et esp\u00e9rer disputer toutes les rencontres mais il y\u2019a un entraineur en place qui d\u00e9cide. Personnellement, je ne conteste pas les choix de Cavalli et je demande aux amoureux du club de rester derri\u00e8re l\u2019\u00e9quipe en cette p\u00e9riode d\u00e9licate. Le MCO aura besoin de toutes les bonnes volont\u00e9s.\u00bb<\/p>\n<p><strong>Cavalli valide la sentence<br \/>Le kin\u00e9 Benermas remplace Dar Djellab<\/strong><br \/>La direction du club vient de mettre fin aux fonctions du kin\u00e9sith\u00e9rapeute Dar Djellab qui est remplac\u00e9 par Benermas. L\u2019ancien membre du staff m\u00e9dical rejoint ainsi le m\u00e9decin Ramdane, remerci\u00e9 auparavant.\u00a0 Selon des indiscr\u00e9tions, la blessure de Viviane est derri\u00e8re la rupture de la relation de travail de Dar Djallab. Le d\u00e9fenseur ivoirien s\u2019est bless\u00e9 face au CRB avant de renouer avec la comp\u00e9tition lors du match de coupe face au CSC. Seulement, il a rechut\u00e9 \u00e0 l\u2019\u00e9chauffement ce qui a contraint le staff technique \u00e0 l\u2019\u00e9carter de la liste des 18 \u00e0 la derni\u00e8re minute. Selon une source proche du club, l\u2019entraineur Cavalli \u00e9tait derri\u00e8re cette d\u00e9cision et a demand\u00e9 \u00e0 \u00e9carter Dar Djellab et le remplacer par Benermas, qui a d\u00e9j\u00e0 travaill\u00e9 au club.<br \/><strong>Le wali re\u00e7oit Baba<\/strong><br \/>Le pr\u00e9sident Belhadj Ahmed Baba s\u2019est d\u00e9plac\u00e9 au si\u00e8ge de la wilaya afin de rencontre le premier responsable ex\u00e9cutif. Il a \u00e9t\u00e9 accompagn\u00e9 par son entraineur Jean Michel Cavalli. Les deux hommes se sont d\u00e9plac\u00e9s avant-hier dans le but de rencontrer le Wali Mouloud Ch\u00e9rifi et s\u2019entretenir avec les lui sur la situation actuelle du MCO. Selon nos informations, le Wali s\u2019est r\u00e9uni avec Baba en apart\u00e9 puisque le technicien fran\u00e7ais n\u2019a pas assist\u00e9 \u00e0 la rencontre. Cavalli est rest\u00e9 dans le salon d\u2019honneur jusqu\u2019\u00e0 la fin de la r\u00e9union.<br \/><strong>Hyproc, ordre du jour<\/strong><br \/>Concernant la r\u00e9union de jeudi dernier entre le Wali Cherif et le boss du MCO Baba, l\u2019on apprend que le nom d\u2019Hyproc a domin\u00e9 les d\u00e9bats. En plus de la mauvaise posture du club, Baba a insist\u00e9 aupr\u00e8s de son interlocuteur sur la n\u00e9cessit\u00e9 d\u2019acc\u00e9l\u00e9rer les d\u00e9marches pour conclure avec la soci\u00e9t\u00e9 Hyproc qui devrait racheter le club. Affaire \u00e0 suivre\u2026<br \/>\u00a0<\/p>\n<p><strong>Publi\u00e9 dans :<\/strong> <span>mco<\/span> <span>heriat<\/span> <span>Sebbah<\/span> <span>Cavali<\/span><\/p>\n<\/div>\n<p>Auteur:<br \/>\n<a href=\"http:\/\/www.lebuteur.com\/article\/detail?titre=mco-heriat-ratera-le-match-de-coupe&#038;id=87376&#038;utm_source=feedburner&#038;utm_medium=feed&#038;utm_campaign=Feed%3A+GalerieFArtciles+%28Les+derniers+articles++-+lebuteur.com%29\">Cliquez ici pour lire l&rsquo;article depuis sa source.<\/a><\/p>\n","protected":false},"excerpt":{"rendered":"<p>Auteur : Houari B. samedi 23 mars 2019 10:10 La d\u00e9cision de reporter le match face au MCA, pr\u00e9vue jeudi pass\u00e9 au stade du 5-Juillet, ne semble pas arranger les affaires du MCO. Un rendez-vous qui aurait pu permettre aux Hamraoua de r\u00e9cup\u00e9rer un \u00e9l\u00e9ment cl\u00e9 dans l\u2019\u00e9chiquier de Cavalli \u00e0 l\u2019issue de cette confrontation. [&hellip;]<\/p>\n","protected":false},"author":1738,"featured_media":23550,"comment_status":"closed","ping_status":"closed","sticky":false,"template":"","format":"standard","meta":{"fifu_image_url":"","fifu_image_alt":"","footnotes":""},"categories":[53,75],"tags":[],"class_list":["post-23549","post","type-post","status-publish","format-standard","has-post-thumbnail","hentry","category-algerie","category-sport"],"_links":{"self":[{"href":"https:\/\/linitiative.ca\/International\/wp-json\/wp\/v2\/posts\/23549","targetHints":{"allow":["GET"]}}],"collection":[{"href":"https:\/\/linitiative.ca\/International\/wp-json\/wp\/v2\/posts"}],"about":[{"href":"https:\/\/linitiative.ca\/International\/wp-json\/wp\/v2\/types\/post"}],"author":[{"embeddable":true,"href":"https:\/\/linitiative.ca\/International\/wp-json\/wp\/v2\/users\/1738"}],"replies":[{"embeddable":true,"href":"https:\/\/linitiative.ca\/International\/wp-json\/wp\/v2\/comments?post=23549"}],"version-history":[{"count":0,"href":"https:\/\/linitiative.ca\/International\/wp-json\/wp\/v2\/posts\/23549\/revisions"}],"wp:featuredmedia":[{"embeddable":true,"href":"https:\/\/linitiative.ca\/International\/wp-json\/"}],"wp:attachment":[{"href":"https:\/\/linitiative.ca\/International\/wp-json\/wp\/v2\/media?parent=23549"}],"wp:term":[{"taxonomy":"category","embeddable":true,"href":"https:\/\/linitiative.ca\/International\/wp-json\/wp\/v2\/categories?post=23549"},{"taxonomy":"post_tag","embeddable":true,"href":"https:\/\/linitiative.ca\/International\/wp-json\/wp\/v2\/tags?post=23549"}],"curies":[{"name":"wp","href":"https:\/\/api.w.org\/{rel}","templated":true}]}}