{"id":23557,"date":"2019-03-23T15:14:22","date_gmt":"2019-03-23T19:14:22","guid":{"rendered":"https:\/\/linitiative.ca\/International\/equipe-dalgerie-algerie-1-gambie-1-un-onze-inedit-de-belmadi\/"},"modified":"2019-03-23T15:14:22","modified_gmt":"2019-03-23T19:14:22","slug":"equipe-dalgerie-algerie-1-gambie-1-un-onze-inedit-de-belmadi","status":"publish","type":"post","link":"https:\/\/linitiative.ca\/International\/equipe-dalgerie-algerie-1-gambie-1-un-onze-inedit-de-belmadi\/","title":{"rendered":"Equipe d&rsquo;Alg\u00e9rie : Alg\u00e9rie 1 &#8211; Gambie 1\/Un onze in\u00e9dit de Belmadi"},"content":{"rendered":"<div readability=\"32\">\n<p>Auteur : <span>M.A.<\/span> <span class=\"time\">samedi 23 mars 2019 10:16<\/span><\/p>\n<\/div>\n<div id=\"post_core\" readability=\"81\">\n<p>Comme il fallait s\u2019y attendre, le s\u00e9lectionneur national, Djamel Belmadi, a op\u00e9r\u00e9 plusieurs changements dans son onze de d\u00e9part hier, lors de la r\u00e9ception de la Gambie en \u00e9liminatoires de la CAN-2019. Ayant d\u00e9j\u00e0 assur\u00e9 la qualif\u2019 pour la prochaine Coupe d\u2019Afrique, les Verts ont abord\u00e9 ce match sans la moindre pression. Et comme il l\u2019avait si bien expliqu\u00e9 en conf\u00e9rence de presse d\u2019avant-match, Belmadi a saisi cette opportunit\u00e9 pour donner la chance \u00e0 certains jeunes joueurs. C\u2019est donc sans grande surprise que les cadres de la s\u00e9lection ont \u00e9t\u00e9 laiss\u00e9s sur le banc au coup d\u2019envoi de la rencontre, \u00e0 l\u2019instar de Mandi, Benseba\u00efni, Atal, Feghouli, Bounedjah et Mahrez, pour ne citer que ceux-l\u00e0. Belmadi a pr\u00e9f\u00e9r\u00e9 lancer certains nouveaux talents, \u00e0 l\u2019image du duo du Paradou AC Loucif-Boudaoui.<br \/><strong>L\u2019occasion pour juger ses jeunes au niveau international<\/strong><br \/>\u00ab Mon objectif pour ces deux matchs (NDLR : face \u00e0 la Gambie et la Tunisie), c\u2019est de pouvoir aligner deux \u00e9quipes et faire jouer normalement tous les joueurs convoqu\u00e9s. Pour la Gambie, c\u2019est une confrontation qui sera r\u00e9v\u00e9latrice car les Gambiens vont arriver avec un maximum de concentration et l\u2019intention de gagner pour esp\u00e9rer passer, contrairement \u00e0 nous qui sommes d\u00e9j\u00e0 qualifi\u00e9s. Ils esp\u00e8rent se qualifier. Ce sera un vrai test pour les joueurs qui vont \u00eatre align\u00e9s \u00bb, avait d\u00e9clar\u00e9 le s\u00e9lectionneur en conf\u00e9rence de presse d\u2019avant-match. C\u2019est donc en toute logique qu\u2019il a d\u00e9cid\u00e9 d\u2019aligner certains jeunes face \u00e0 la Gambie pour les juger sur le plan international. En attendant le second test amical devant la Tunisie, Belmadi veut donc voir tout le monde \u00e0 l\u2019\u0153uvre avant d\u2019\u00e9tablir sa liste pour la prochaine CAN-2019.<br \/><strong>Une premi\u00e8re pour Boudaoui, Ounas, Darfalou et Loucif<\/strong><br \/>Ainsi, le s\u00e9lectionneur national a d\u00e9cid\u00e9 d\u2019op\u00e9rer plusieurs changements dans son onze de d\u00e9part face \u00e0 la Gambie. Alors que l\u2019EN \u00e9tait, avant le coup d\u2019envoi de ce match, d\u00e9j\u00e0 assur\u00e9 de participer \u00e0 la prochaine CAN, le coach a jug\u00e9 utile de donner leur chance \u00e0 certains jeunes joueurs pour les voir sur le terrain et les \u00e9valuer sur l\u2019international. Quatre \u00e9l\u00e9ments ont donc honor\u00e9 leur premi\u00e8re titularisation en s\u00e9lection. Il s\u2019agit des deux soci\u00e9taires du Paradou AC, Boudaoui et Loucif, ainsi que le tr\u00e8s technique milieu de terrain de Naples, Ounas, sans oublier le centre-avant de Vitesse Arnhem, Darfalou.<br \/><strong>Doukha retrouve la cage<\/strong><br \/>Le gardien de but Azzedine Doukha a retrouv\u00e9 hier la cage des Verts. En l\u2019absence de Mbolhi, bless\u00e9, le keeper de la formation saoudienne d\u2019Al-Raed a \u00e9t\u00e9 align\u00e9 d\u2019entr\u00e9e de jeu face \u00e0 la Gambie. La derni\u00e8re titularisation de Doukha avec la s\u00e9lection remonte \u00e0 novembre 2014 face au Mali, en \u00e9liminatoires de la CAN-2015.<br \/><strong>Une charni\u00e8re centrale in\u00e9dite Abdellaoui-Halliche<\/strong><br \/>En d\u00e9fense, et \u00e0 l\u2019exaction de Far\u00e8s qui a d\u00e9j\u00e0 particip\u00e9 aux pr\u00e9c\u00e9dentes sorties des Verts, Belmadi a modifi\u00e9 son arri\u00e8re-garde. Ainsi, Loucif a honor\u00e9 sa premi\u00e8re titularisation en s\u00e9lection. Dans l\u2019axe central, c\u2019est la paire Abdellaoui-Halliche qui a d\u00e9but\u00e9 la rencontre. Une charni\u00e8re centrale in\u00e9dite, vu que les deux joueurs n\u2019ont jamais \u00e9t\u00e9 associ\u00e9s ensemble auparavant.<br \/><strong>Ounas align\u00e9 d\u2019entr\u00e9e de jeu<\/strong><br \/>Pour sa part, le tr\u00e8s technique\u00a0 milieu de terrain de Naples, Adam Ounas, a \u00e9t\u00e9 align\u00e9 d\u2019entr\u00e9e de jeu hier face \u00e0 la Gambie. Ce joueur, p\u00e9tri de qualit\u00e9s, et qui n\u2019a pas eu le temps de jeu qu\u2019il m\u00e9ritait \u00e0 Naples, a b\u00e9n\u00e9fici\u00e9 de la confiance de Belmadi. Ce dernier a voulu le tester dans l\u2019animation de jeu. L\u2019ancien soci\u00e9taire des Girondins de Bordeaux a compos\u00e9 avec Bela\u00efli et Darfalou, le trio offensif des Verts.<\/p>\n<p><strong>Publi\u00e9 dans :<\/strong> <span>Belmadi<\/span> <span>Alg\u00e9rie 1 &#8211; Gambie 1<\/span> <span>Paradou AC Loucif-Boudaou<\/span><\/p>\n<\/div>\n<p>Auteur:<br \/>\n<a href=\"http:\/\/www.lebuteur.com\/article\/detail?titre=algerie-1-gambie-1-un-onze-inedit-de-belmadi&#038;id=87387&#038;utm_source=feedburner&#038;utm_medium=feed&#038;utm_campaign=Feed%3A+GalerieFArtciles+%28Les+derniers+articles++-+lebuteur.com%29\">Cliquez ici pour lire l&rsquo;article depuis sa source.<\/a><\/p>\n","protected":false},"excerpt":{"rendered":"<p>Auteur : M.A. samedi 23 mars 2019 10:16 Comme il fallait s\u2019y attendre, le s\u00e9lectionneur national, Djamel Belmadi, a op\u00e9r\u00e9 plusieurs changements dans son onze de d\u00e9part hier, lors de la r\u00e9ception de la Gambie en \u00e9liminatoires de la CAN-2019. Ayant d\u00e9j\u00e0 assur\u00e9 la qualif\u2019 pour la prochaine Coupe d\u2019Afrique, les Verts ont abord\u00e9 ce [&hellip;]<\/p>\n","protected":false},"author":1738,"featured_media":23558,"comment_status":"closed","ping_status":"closed","sticky":false,"template":"","format":"standard","meta":{"fifu_image_url":"","fifu_image_alt":"","footnotes":""},"categories":[53,75],"tags":[],"class_list":["post-23557","post","type-post","status-publish","format-standard","has-post-thumbnail","hentry","category-algerie","category-sport"],"_links":{"self":[{"href":"https:\/\/linitiative.ca\/International\/wp-json\/wp\/v2\/posts\/23557","targetHints":{"allow":["GET"]}}],"collection":[{"href":"https:\/\/linitiative.ca\/International\/wp-json\/wp\/v2\/posts"}],"about":[{"href":"https:\/\/linitiative.ca\/International\/wp-json\/wp\/v2\/types\/post"}],"author":[{"embeddable":true,"href":"https:\/\/linitiative.ca\/International\/wp-json\/wp\/v2\/users\/1738"}],"replies":[{"embeddable":true,"href":"https:\/\/linitiative.ca\/International\/wp-json\/wp\/v2\/comments?post=23557"}],"version-history":[{"count":0,"href":"https:\/\/linitiative.ca\/International\/wp-json\/wp\/v2\/posts\/23557\/revisions"}],"wp:featuredmedia":[{"embeddable":true,"href":"https:\/\/linitiative.ca\/International\/wp-json\/"}],"wp:attachment":[{"href":"https:\/\/linitiative.ca\/International\/wp-json\/wp\/v2\/media?parent=23557"}],"wp:term":[{"taxonomy":"category","embeddable":true,"href":"https:\/\/linitiative.ca\/International\/wp-json\/wp\/v2\/categories?post=23557"},{"taxonomy":"post_tag","embeddable":true,"href":"https:\/\/linitiative.ca\/International\/wp-json\/wp\/v2\/tags?post=23557"}],"curies":[{"name":"wp","href":"https:\/\/api.w.org\/{rel}","templated":true}]}}