{"id":23561,"date":"2019-03-23T15:14:25","date_gmt":"2019-03-23T19:14:25","guid":{"rendered":"https:\/\/linitiative.ca\/International\/international-real-madrid-isco-afficherait-un-souhait-fort-pour-son-avenir\/"},"modified":"2019-03-23T15:14:25","modified_gmt":"2019-03-23T19:14:25","slug":"international-real-madrid-isco-afficherait-un-souhait-fort-pour-son-avenir","status":"publish","type":"post","link":"https:\/\/linitiative.ca\/International\/international-real-madrid-isco-afficherait-un-souhait-fort-pour-son-avenir\/","title":{"rendered":"International : Real Madrid : Isco afficherait un souhait fort pour son avenir !"},"content":{"rendered":"<div readability=\"32\">\n<p>Auteur : <span class=\"time\">samedi 23 mars 2019 16:55<\/span><\/p>\n<\/div>\n<div id=\"post_core\" readability=\"48\">\n<p>Victime du passage de Santiago Solari, l\u2019international espagnol profite \u00e0 nouveau de temps de jeu gr\u00e2ce \u00e0 Zin\u00e9dine Zidane. Titulaire contre le Celta Vigo (2-0) pour la premi\u00e8re fois en championnat depuis le 10 octobre (d\u00e9faite 5-1 face au FC Barcelone), le milieu de 26 ans a aussi \u00e9t\u00e9 buteur pour son come-back au Santiago Bernabeu. Cette situation pourrait m\u00eame jouer dans l\u2019avenir du joueur.<\/p>\n<p>D\u2019apr\u00e8s Calciomercato et Le 10 Sport.com, Isco voudrait respecter son contrat avec le Real Madrid qui expire en 2022. Il serait m\u00eame d\u00e9cid\u00e9 \u00e0 rester afin de redevenir un acteur majeur du club dans les ann\u00e9es \u00e0 venir. Pist\u00e9 derni\u00e8rement par Naples et Carlo Ancelotti, le milieu offensif serait convaincu par la relation qu\u2019il entretient avec son entra\u00eeneur, Zin\u00e9dine Zidane. De plus, les dirigeants madril\u00e8nes consid\u00e9reraient comme offensante la possibilit\u00e9 de se s\u00e9parer du joueur pour 70M\u20ac. La t\u00e2che s\u2019annonce donc compliqu\u00e9e pour Naples.<\/p>\n<p><strong>Publi\u00e9 dans :<\/strong> <span>real madrid<\/span> <span>Isco<\/span><\/p>\n<\/div>\n<p>Auteur:<br \/>\n<a href=\"http:\/\/www.lebuteur.com\/article\/detail?titre=real-madrid-isco-afficherait-un-souhait-fort-pour-son-avenir&#038;id=87393&#038;utm_source=feedburner&#038;utm_medium=feed&#038;utm_campaign=Feed%3A+GalerieFArtciles+%28Les+derniers+articles++-+lebuteur.com%29\">Cliquez ici pour lire l&rsquo;article depuis sa source.<\/a><\/p>\n","protected":false},"excerpt":{"rendered":"<p>Auteur : samedi 23 mars 2019 16:55 Victime du passage de Santiago Solari, l\u2019international espagnol profite \u00e0 nouveau de temps de jeu gr\u00e2ce \u00e0 Zin\u00e9dine Zidane. Titulaire contre le Celta Vigo (2-0) pour la premi\u00e8re fois en championnat depuis le 10 octobre (d\u00e9faite 5-1 face au FC Barcelone), le milieu de 26 ans a aussi [&hellip;]<\/p>\n","protected":false},"author":1738,"featured_media":23562,"comment_status":"closed","ping_status":"closed","sticky":false,"template":"","format":"standard","meta":{"fifu_image_url":"","fifu_image_alt":"","footnotes":""},"categories":[53,75],"tags":[],"class_list":["post-23561","post","type-post","status-publish","format-standard","has-post-thumbnail","hentry","category-algerie","category-sport"],"_links":{"self":[{"href":"https:\/\/linitiative.ca\/International\/wp-json\/wp\/v2\/posts\/23561","targetHints":{"allow":["GET"]}}],"collection":[{"href":"https:\/\/linitiative.ca\/International\/wp-json\/wp\/v2\/posts"}],"about":[{"href":"https:\/\/linitiative.ca\/International\/wp-json\/wp\/v2\/types\/post"}],"author":[{"embeddable":true,"href":"https:\/\/linitiative.ca\/International\/wp-json\/wp\/v2\/users\/1738"}],"replies":[{"embeddable":true,"href":"https:\/\/linitiative.ca\/International\/wp-json\/wp\/v2\/comments?post=23561"}],"version-history":[{"count":0,"href":"https:\/\/linitiative.ca\/International\/wp-json\/wp\/v2\/posts\/23561\/revisions"}],"wp:featuredmedia":[{"embeddable":true,"href":"https:\/\/linitiative.ca\/International\/wp-json\/"}],"wp:attachment":[{"href":"https:\/\/linitiative.ca\/International\/wp-json\/wp\/v2\/media?parent=23561"}],"wp:term":[{"taxonomy":"category","embeddable":true,"href":"https:\/\/linitiative.ca\/International\/wp-json\/wp\/v2\/categories?post=23561"},{"taxonomy":"post_tag","embeddable":true,"href":"https:\/\/linitiative.ca\/International\/wp-json\/wp\/v2\/tags?post=23561"}],"curies":[{"name":"wp","href":"https:\/\/api.w.org\/{rel}","templated":true}]}}