{"id":23573,"date":"2019-03-22T19:00:00","date_gmt":"2019-03-22T23:00:00","guid":{"rendered":"https:\/\/linitiative.ca\/International\/tuareg-rallye-2019-retour-vers-taghit-lenchanteresse\/"},"modified":"2019-03-22T19:00:00","modified_gmt":"2019-03-22T23:00:00","slug":"tuareg-rallye-2019-retour-vers-taghit-lenchanteresse","status":"publish","type":"post","link":"https:\/\/linitiative.ca\/International\/tuareg-rallye-2019-retour-vers-taghit-lenchanteresse\/","title":{"rendered":"\u00ab Tuareg rallye-2019 \u00bb :  Retour vers Taghit l\u2019enchanteresse"},"content":{"rendered":"<p>Apr\u00e8s le d\u00e9c\u00e8s de l\u2019Italien Giovanni Stefanni et les hommages qui se sont multipli\u00e9s, les participants ont affirm\u00e9 \u00eatre plus que jamais d\u00e9termin\u00e9s \u00e0 poursuivre la comp\u00e9tition jusqu\u2019au bout. Avec cet \u00e9v\u00e9nement, la quatri\u00e8me \u00e9tape initialement pr\u00e9vue mercredi, a \u00e9t\u00e9 d\u00e9cal\u00e9e \u00e0 jeudi.\u00a0\u00a0<\/p>\n<p>D\u00e8s 7h30 les comp\u00e9titeurs, toutes cat\u00e9gories confondues, \u00e9taient d\u00e9j\u00e0 d\u00e9bout pr\u00e8s de leurs engins s\u2019assurant que sur le plan technique tout \u00e9tait au point. Peu avant le top d\u00e9part, un notable s\u2019est approch\u00e9 pour souhaiter bonne chance aux comp\u00e9titeurs. Cheikh Ali a mis \u00e0 profit cette opportunit\u00e9 pour nous confier \u00eatre \u00abtr\u00e8s heureux\u00bb de voir qu\u2019un tel \u00e9v\u00e9nement ait \u00e9t\u00e9 organis\u00e9 dans sa r\u00e9gion. Celui-ci a \u00e9galement tenu \u00e0 nous sensibiliser sur le fait que \u00abpar m\u00e9garde plusieurs photos de B\u00e9ni-Abb\u00e8s sont utilis\u00e9es pour illustrer Taghit alors que les deux villes sont bien distinctes\u00bb. A 8h30 pile, le top d\u00e9part est donn\u00e9 pour les motards qui se sont empress\u00e9s d\u2019acc\u00e9l\u00e9rer dans un concert de vrombissement quittant, pour la derni\u00e8re fois lors de cette \u00e9dition, la reine du Sahara, B\u00e9ni-Abb\u00e8s, pour revenir vers Taghit l\u2019enchanteresse. Contrairement aux autres jours, le ciel \u00e9tait plus ou moins couvert mais les temp\u00e9ratures\u00a0 toujours aussi \u00e9lev\u00e9es. L\u2019\u00e9tape du jour consiste \u00e0 parcourir une distance de 215 km tant\u00f4t sur des dunes, tant\u00f4t sur de la piste rocheuse.\u00a0<\/p>\n<p>A la hauteur d\u2019Igli, des enfants se sont rassembl\u00e9s pour saluer les participants qui arrivaient par groupe. Rencontr\u00e9e dans une pompe \u00e0 essence, \u00e0 la sortie de cette commune une \u00e9quipe belge nous a confi\u00e9 \u00eatre pr\u00e9sente en Alg\u00e9rie pour la premi\u00e8re fois. Cette derni\u00e8re s\u2019est dit tr\u00e8s touch\u00e9e par le sens de l\u2019hospitalit\u00e9 des Alg\u00e9riens, qui est, selon cette \u00e9quipe, \u00abjuste in\u00e9galable\u00bb. \u00abL\u2019Alg\u00e9rie est radicalement diff\u00e9rente de ce que rapportent les m\u00e9dias europ\u00e9ens qui ne sont pas objectifs. Aussi, nous encourageons vivement les gens \u00e0 venir faire leurs propres opinions sur place\u00bb.\u00a0\u00a0<\/p>\n<p>Il convient de signaler, enfin,\u00a0 que les vainqueurs de la quatri\u00e8me \u00e9tape, ont \u00e9t\u00e9 pour la cat\u00e9gorie auto, Fritz A. Jessica Bahker qui conserve sa premi\u00e8re place. Pour la cat\u00e9gorie moto, c\u2019est l\u2019Allemand Aronas Gelazminks qui a encore domin\u00e9 pour la troisi\u00e8me fois cons\u00e9cutive. Pour la cat\u00e9gorie SSV, c\u2019est le Fran\u00e7ais Patrick Rollin qui prend la premi\u00e8re place. In fine, pour la cat\u00e9gorie Camion c\u2019est le tandem allemand Enrick Nagui et Hubert Huk qui est arriv\u00e9 en t\u00eate.\u00a0 \u00a0<\/p>\n<p><strong>Une 5e \u00e9tape pleine de promesses\u00a0<\/strong><\/p>\n<p>Le lendemain jeudi, le coup d\u2019envoi de la 5e \u00e9tape du Tuareg Rallye a \u00e9t\u00e9 donn\u00e9 \u00e0 Taghit, les participants, tout aussi nombreux, se sont, \u00e0 priori, remis du p\u00e9riple de la veille. L\u2019\u00e9tape du jour est un circuit ferm\u00e9 d\u2019une distance de 150 km sur un parcours mixant dunes et pistes rocheuses. Sur la ligne de d\u00e9part, plusieurs comp\u00e9titeurs ont affirm\u00e9 vouloir revenir, dans notre pays, pour les prochaines \u00e9ditions. Ainsi, un comp\u00e9titeur alg\u00e9rien r\u00e9sidant en France et souffrant de parapl\u00e9gie nous a indiqu\u00e9 \u00eatre un habitu\u00e9 des rallyes internationaux, mais que c\u2019est la premi\u00e8re fois qu\u2019il participe \u00e0 un rallye en terre alg\u00e9rienne. Selon lui, l\u2019organisation n\u2019a rien \u00e0 envier \u00e0 ce qui se passe ailleurs, elle est vraiment \u00abparfaite\u00bb.\u00a0\u00a0<\/p>\n<p>Brahim Bekkouche a mis \u00e0 profit cette opportunit\u00e9 pour faire part de sa volont\u00e9 de terminer la comp\u00e9tition avec un bon classement, non sans esp\u00e9rer que plus d\u2019espace puisse \u00eatre d\u00e9di\u00e9 aux personnes \u00e0 mobilit\u00e9 r\u00e9duite.\u00a0\u00a0<\/p>\n<p>De son c\u00f4t\u00e9, une participante allemande pr\u00e9sente pour \u00able plaisir des yeux\u00bb nous a d\u00e9clar\u00e9 venir pour la premi\u00e8re fois au Sahara, \u00e9tant une amoureuse inconditionnelle du d\u00e9sert, \u00e9blouie par la beaut\u00e9 des lieux, \u00abl\u2019Alg\u00e9rie est, tr\u00e8s sinc\u00e8rement, un pays magique et d\u2019une beaut\u00e9 \u00e0 couper le souffle. D\u00e8s mon retour en Allemagne, je vais en parler autour de moi\u00bb, a-t-elle affirm\u00e9 non sans affirmer\u00a0 que l\u2019organisation est \u00abirr\u00e9prochable\u00bb. Dans ce sillage, une famille originaire de Blida qui s\u2019est d\u00e9plac\u00e9e, dans cette r\u00e9gion du sud du pays, exclusivement pour pouvoir suivre les diff\u00e9rentes \u00e9tapes du rallye nous a, \u00e9galement, fait part de ses impressions, \u00e9voquant sa \u00abfiert\u00e9\u00bb de voir le pays renouer avec des grands \u00e9v\u00e9nements de cette envergure. \u00abNous sommes venus pour la d\u00e9tente et pour pouvoir observer le rallye. C\u2019est une r\u00e9gion d\u2019une beaut\u00e9 \u00e9poustouflante. Plein d\u2019\u00e9trangers sont pr\u00e9sents et nous pensons que c\u2019est une occasion en or pour promouvoir l\u2019image de marque de notre nation et pourquoi pas, d\u00e9velopper un tourisme \u00e9co-responsable. Notre Alg\u00e9rie est belle, nous avons une richesse in\u00e9galable\u00bb a-t-elle dit.\u00a0<\/p>\n<p>Auteur: elmoudjahid<br \/>\n<a href=\"http:\/\/www.elmoudjahid.com\/fr\/actualites\/135031\">Cliquez ici pour lire l&rsquo;article depuis sa source.<\/a><\/p>\n","protected":false},"excerpt":{"rendered":"<p>Apr\u00e8s le d\u00e9c\u00e8s de l\u2019Italien Giovanni Stefanni et les hommages qui se sont multipli\u00e9s, les participants ont affirm\u00e9 \u00eatre plus que jamais d\u00e9termin\u00e9s \u00e0 poursuivre la comp\u00e9tition jusqu\u2019au bout. Avec cet \u00e9v\u00e9nement, la quatri\u00e8me \u00e9tape initialement pr\u00e9vue mercredi, a \u00e9t\u00e9 d\u00e9cal\u00e9e \u00e0 jeudi.\u00a0\u00a0 D\u00e8s 7h30 les comp\u00e9titeurs, toutes cat\u00e9gories confondues, \u00e9taient d\u00e9j\u00e0 d\u00e9bout pr\u00e8s de [&hellip;]<\/p>\n","protected":false},"author":1744,"featured_media":0,"comment_status":"closed","ping_status":"closed","sticky":false,"template":"","format":"standard","meta":{"fifu_image_url":"","fifu_image_alt":"","footnotes":""},"categories":[73,53],"tags":[],"class_list":["post-23573","post","type-post","status-publish","format-standard","hentry","category-actualite","category-algerie"],"_links":{"self":[{"href":"https:\/\/linitiative.ca\/International\/wp-json\/wp\/v2\/posts\/23573","targetHints":{"allow":["GET"]}}],"collection":[{"href":"https:\/\/linitiative.ca\/International\/wp-json\/wp\/v2\/posts"}],"about":[{"href":"https:\/\/linitiative.ca\/International\/wp-json\/wp\/v2\/types\/post"}],"author":[{"embeddable":true,"href":"https:\/\/linitiative.ca\/International\/wp-json\/wp\/v2\/users\/1744"}],"replies":[{"embeddable":true,"href":"https:\/\/linitiative.ca\/International\/wp-json\/wp\/v2\/comments?post=23573"}],"version-history":[{"count":0,"href":"https:\/\/linitiative.ca\/International\/wp-json\/wp\/v2\/posts\/23573\/revisions"}],"wp:attachment":[{"href":"https:\/\/linitiative.ca\/International\/wp-json\/wp\/v2\/media?parent=23573"}],"wp:term":[{"taxonomy":"category","embeddable":true,"href":"https:\/\/linitiative.ca\/International\/wp-json\/wp\/v2\/categories?post=23573"},{"taxonomy":"post_tag","embeddable":true,"href":"https:\/\/linitiative.ca\/International\/wp-json\/wp\/v2\/tags?post=23573"}],"curies":[{"name":"wp","href":"https:\/\/api.w.org\/{rel}","templated":true}]}}