{"id":23574,"date":"2019-03-22T19:00:00","date_gmt":"2019-03-22T23:00:00","guid":{"rendered":"https:\/\/linitiative.ca\/International\/pour-lanniversaire-de-lindependance-de-son-pays-le-president-bouteflika-felicite-son-homologue-namibien\/"},"modified":"2019-03-22T19:00:00","modified_gmt":"2019-03-22T23:00:00","slug":"pour-lanniversaire-de-lindependance-de-son-pays-le-president-bouteflika-felicite-son-homologue-namibien","status":"publish","type":"post","link":"https:\/\/linitiative.ca\/International\/pour-lanniversaire-de-lindependance-de-son-pays-le-president-bouteflika-felicite-son-homologue-namibien\/","title":{"rendered":"Pour l\u2019anniversaire de  l\u2019ind\u00e9pendance de son pays :  Le pr\u00e9sident Bouteflika f\u00e9licite son homologue namibien"},"content":{"rendered":"<div class=\"TxArtcile\" readability=\"32\">\n<div class=\"ImgCapt\"><img loading=\"lazy\" decoding=\"async\" width=\"208\" height=\"208\" src=\"http:\/\/www.elmoudjahid.com\/temp\/fr\/actualite2[135032].jpg\" alt=\"\" \/><span>D.R<\/span><\/div>\n<p>Le Pr\u00e9sident de la R\u00e9publique, Abdelaziz Bouteflika, a adress\u00e9 un message de f\u00e9licitations au Pr\u00e9sident de la R\u00e9publique de Namibie, Hage Geingob, \u00e0 l&rsquo;occasion du 29e anniversaire de l&rsquo;ind\u00e9pendance de son pays, dans lequel, il lui a r\u00e9it\u00e9r\u00e9 sa disponibilit\u00e9 \u00e0 \u0153uvrer, ensemble, au raffermissement des relations de coop\u00e9ration entre les deux pays. \u00abLa c\u00e9l\u00e9bration par la R\u00e9publique de Namibie du 29e anniversaire de son ind\u00e9pendance m&rsquo;offre l&rsquo;agr\u00e9able occasion de vous adresser, au nom du peuple et du gouvernement alg\u00e9riens ainsi qu&rsquo;en mon nom personnel, nos sinc\u00e8res et chaleureuses f\u00e9licitations auxquelles je joins mes v\u0153ux les meilleurs de sant\u00e9 et de bien-\u00eatre pour vous-m\u00eame, et davantage de progr\u00e8s et de prosp\u00e9rit\u00e9 pour le peuple namibien fr\u00e8re\u00bb, a \u00e9crit le Chef de l&rsquo;Etat dans son message. Le Pr\u00e9sident de la R\u00e9publique s&rsquo;est f\u00e9licit\u00e9, \u00e0 l&rsquo;occasion, de \u00abla qualit\u00e9 des liens d&rsquo;amiti\u00e9 et de solidarit\u00e9 qui unissent les deux pays\u00bb, assurant son homologue namibien de son \u00abenti\u00e8re disponibilit\u00e9\u00bb \u00e0 \u0153uvrer, avec lui, au \u00abraffermissement\u00bb de la coop\u00e9ration bilat\u00e9rale, au b\u00e9n\u00e9fice mutuel des deux peuples. Le Pr\u00e9sident Bouteflika a r\u00e9it\u00e9r\u00e9 \u00e9galement, dans son message, son \u00abattachement \u00e0 l&rsquo;approfondissement de la concertation\u00bb qui existe entre les deux pays sur \u00ables questions r\u00e9gionales et internationales d&rsquo;int\u00e9r\u00eat commun\u00bb et au \u00abrenforcement\u00bb des efforts des deux pays \u00aben faveur de la paix, de la s\u00e9curit\u00e9, de la stabilit\u00e9 et du d\u00e9veloppement du continent\u00bb.\u00a0<\/p>\n<\/div>\n<div class=\"ModliArtilUne\">\n<ul>\n<li><strong>Publi\u00e9 dans :<\/strong><\/li>\n<\/ul>\n<\/div>\n<div class=\"MbComIns\" id=\"newcom\" readability=\"5.69402985075\">\n<h6>DONNEZ VOTRE AVIS<\/h6>\n<p>Il n&rsquo;y a actuellement aucune r\u00e9action \u00e0 cette information. Soyez le premier \u00e0 r\u00e9agir !<\/p>\n<p><a href=\"\" rel=\"#popup\" class=\"login resetbutton\">Identifiez-vous<\/a><a class=\"button\" href=\"http:\/\/www.elmoudjahid.com\/fr\/inscription\/\"><span>S&rsquo;inscrire<\/span><\/a><\/p>\n<\/div>\n<p>Auteur: elmoudjahid<br \/>\n<a href=\"http:\/\/www.elmoudjahid.com\/fr\/actualites\/135032\">Cliquez ici pour lire l&rsquo;article depuis sa source.<\/a><\/p>\n","protected":false},"excerpt":{"rendered":"<p>D.R Le Pr\u00e9sident de la R\u00e9publique, Abdelaziz Bouteflika, a adress\u00e9 un message de f\u00e9licitations au Pr\u00e9sident de la R\u00e9publique de Namibie, Hage Geingob, \u00e0 l&rsquo;occasion du 29e anniversaire de l&rsquo;ind\u00e9pendance de son pays, dans lequel, il lui a r\u00e9it\u00e9r\u00e9 sa disponibilit\u00e9 \u00e0 \u0153uvrer, ensemble, au raffermissement des relations de coop\u00e9ration entre les deux pays. \u00abLa [&hellip;]<\/p>\n","protected":false},"author":1744,"featured_media":23575,"comment_status":"closed","ping_status":"closed","sticky":false,"template":"","format":"standard","meta":{"fifu_image_url":"","fifu_image_alt":"","footnotes":""},"categories":[73,53],"tags":[],"class_list":["post-23574","post","type-post","status-publish","format-standard","has-post-thumbnail","hentry","category-actualite","category-algerie"],"_links":{"self":[{"href":"https:\/\/linitiative.ca\/International\/wp-json\/wp\/v2\/posts\/23574","targetHints":{"allow":["GET"]}}],"collection":[{"href":"https:\/\/linitiative.ca\/International\/wp-json\/wp\/v2\/posts"}],"about":[{"href":"https:\/\/linitiative.ca\/International\/wp-json\/wp\/v2\/types\/post"}],"author":[{"embeddable":true,"href":"https:\/\/linitiative.ca\/International\/wp-json\/wp\/v2\/users\/1744"}],"replies":[{"embeddable":true,"href":"https:\/\/linitiative.ca\/International\/wp-json\/wp\/v2\/comments?post=23574"}],"version-history":[{"count":0,"href":"https:\/\/linitiative.ca\/International\/wp-json\/wp\/v2\/posts\/23574\/revisions"}],"wp:featuredmedia":[{"embeddable":true,"href":"https:\/\/linitiative.ca\/International\/wp-json\/"}],"wp:attachment":[{"href":"https:\/\/linitiative.ca\/International\/wp-json\/wp\/v2\/media?parent=23574"}],"wp:term":[{"taxonomy":"category","embeddable":true,"href":"https:\/\/linitiative.ca\/International\/wp-json\/wp\/v2\/categories?post=23574"},{"taxonomy":"post_tag","embeddable":true,"href":"https:\/\/linitiative.ca\/International\/wp-json\/wp\/v2\/tags?post=23574"}],"curies":[{"name":"wp","href":"https:\/\/api.w.org\/{rel}","templated":true}]}}