{"id":23577,"date":"2019-03-22T19:00:00","date_gmt":"2019-03-22T23:00:00","guid":{"rendered":"https:\/\/linitiative.ca\/International\/kheireddine-zetchi-president-de-la-faf-realisation-de-centres-techniques-regionaux\/"},"modified":"2019-03-22T19:00:00","modified_gmt":"2019-03-22T23:00:00","slug":"kheireddine-zetchi-president-de-la-faf-realisation-de-centres-techniques-regionaux","status":"publish","type":"post","link":"https:\/\/linitiative.ca\/International\/kheireddine-zetchi-president-de-la-faf-realisation-de-centres-techniques-regionaux\/","title":{"rendered":"Kheireddine Zetchi, pr\u00e9sident de la FAF :  \u00ab r\u00e9alisation de centres techniques r\u00e9gionaux \u00bb"},"content":{"rendered":"<p>Le pr\u00e9sident de la F\u00e9d\u00e9ration alg\u00e9rienne de\u00a0 football, Kheireddine Zetchi, a affirm\u00e9, jeudi \u00e0 Saida, que la r\u00e9alisation de centres techniques r\u00e9gionaux de pr\u00e9paration des \u00e9quipes de football aura un impact positif sur la formation des joueurs. En posant la premi\u00e8re pierre du projet de r\u00e9alisation d\u2019un centre technique r\u00e9gional de pr\u00e9paration des \u00e9quipes de football \u00e0 Ain Zerga, Zetchi a soulign\u00e9 que la r\u00e9alisation de ces centres dans les wilayas de Saida, Oran, El Tarf et Tlemcen devra contribuer efficacement \u00e0 la\u00a0 formation des joueurs et au d\u00e9veloppement du football alg\u00e9rien.<\/p>\n<p>\u00a0La politique de formation en football n\u00e9cessite la disponibilit\u00e9 de tels nouveaux centres sp\u00e9cialis\u00e9s en football ainsi que des techniciens et experts ayant une grande connaissance dans le domaine de la formation,\u00a0 a-t-il d\u00e9clar\u00e9, ajoutant que la formation des footballeurs de haut niveau n\u00e9cessite une dur\u00e9e de dix ans.\u00a0 Le m\u00eame responsable a salu\u00e9 l\u2019accompagnement des autorit\u00e9s locales de la\u00a0 wilaya d\u2019une op\u00e9ration d\u2019am\u00e9nagement du terrain qui abritera cette nouvelle structure sportive et son raccordement aux diff\u00e9rents r\u00e9seaux. Ce nouveau centre, s\u2019\u00e9tendant sur une superficie de 17 hectares, est initi\u00e9\u00a0 par la FAF. Ce projet, dont le d\u00e9lai des travaux est fix\u00e9 \u00e0 24 mois,\u00a0 pr\u00e9voit la r\u00e9alisation de terrains de football, des salles omnisports, d&rsquo;un centre m\u00e9dical, d&rsquo;une piscine, d&rsquo;une salle de r\u00e9unions, d&rsquo;un bloc administratif et d&rsquo;une r\u00e9sidence. Le centre sera dot\u00e9 de cadres sp\u00e9cialis\u00e9s en formation des jeunes en\u00a0 football, a-t-on fait savoir.\u00a0<\/p>\n<p>Auteur: elmoudjahid<br \/>\n<a href=\"http:\/\/www.elmoudjahid.com\/fr\/actualites\/135034\">Cliquez ici pour lire l&rsquo;article depuis sa source.<\/a><\/p>\n","protected":false},"excerpt":{"rendered":"<p>Le pr\u00e9sident de la F\u00e9d\u00e9ration alg\u00e9rienne de\u00a0 football, Kheireddine Zetchi, a affirm\u00e9, jeudi \u00e0 Saida, que la r\u00e9alisation de centres techniques r\u00e9gionaux de pr\u00e9paration des \u00e9quipes de football aura un impact positif sur la formation des joueurs. En posant la premi\u00e8re pierre du projet de r\u00e9alisation d\u2019un centre technique r\u00e9gional de pr\u00e9paration des \u00e9quipes de [&hellip;]<\/p>\n","protected":false},"author":1744,"featured_media":0,"comment_status":"closed","ping_status":"closed","sticky":false,"template":"","format":"standard","meta":{"fifu_image_url":"","fifu_image_alt":"","footnotes":""},"categories":[73,53],"tags":[],"class_list":["post-23577","post","type-post","status-publish","format-standard","hentry","category-actualite","category-algerie"],"_links":{"self":[{"href":"https:\/\/linitiative.ca\/International\/wp-json\/wp\/v2\/posts\/23577","targetHints":{"allow":["GET"]}}],"collection":[{"href":"https:\/\/linitiative.ca\/International\/wp-json\/wp\/v2\/posts"}],"about":[{"href":"https:\/\/linitiative.ca\/International\/wp-json\/wp\/v2\/types\/post"}],"author":[{"embeddable":true,"href":"https:\/\/linitiative.ca\/International\/wp-json\/wp\/v2\/users\/1744"}],"replies":[{"embeddable":true,"href":"https:\/\/linitiative.ca\/International\/wp-json\/wp\/v2\/comments?post=23577"}],"version-history":[{"count":0,"href":"https:\/\/linitiative.ca\/International\/wp-json\/wp\/v2\/posts\/23577\/revisions"}],"wp:attachment":[{"href":"https:\/\/linitiative.ca\/International\/wp-json\/wp\/v2\/media?parent=23577"}],"wp:term":[{"taxonomy":"category","embeddable":true,"href":"https:\/\/linitiative.ca\/International\/wp-json\/wp\/v2\/categories?post=23577"},{"taxonomy":"post_tag","embeddable":true,"href":"https:\/\/linitiative.ca\/International\/wp-json\/wp\/v2\/tags?post=23577"}],"curies":[{"name":"wp","href":"https:\/\/api.w.org\/{rel}","templated":true}]}}