{"id":23579,"date":"2019-03-22T19:00:00","date_gmt":"2019-03-22T23:00:00","guid":{"rendered":"https:\/\/linitiative.ca\/International\/ligue-des-champions-amende-de-20-000-euros-pour-cristiano-ronaldo\/"},"modified":"2019-03-22T19:00:00","modified_gmt":"2019-03-22T23:00:00","slug":"ligue-des-champions-amende-de-20-000-euros-pour-cristiano-ronaldo","status":"publish","type":"post","link":"https:\/\/linitiative.ca\/International\/ligue-des-champions-amende-de-20-000-euros-pour-cristiano-ronaldo\/","title":{"rendered":"Ligue des champions :  Amende  de 20.000 euros  pour Cristiano Ronaldo"},"content":{"rendered":"<p>La star de la Juventus, Cristiano Ronaldo, a\u00a0 \u00e9cop\u00e9 d&rsquo;une amende de 20.000 euros de la part de l&rsquo;UEFA, pour \u00abconduite\u00a0 inappropri\u00e9e\u00bb, apr\u00e8s sa c\u00e9l\u00e9bration os\u00e9e contre l&rsquo;Atl\u00e9tico Madrid (3-0) en Ligue des champions. L&rsquo;instance europ\u00e9enne avait annonc\u00e9 lundi avoir ouvert une proc\u00e9dure\u00a0 disciplinaire contre le Portugais. La commission de discipline s&rsquo;est r\u00e9unie jeudi.\u00a0 Auteur d&rsquo;un tripl\u00e9 pour renverser les Espagnols en 8e de finale retour\u00a0 (3-0, aller: 0-2), CR7 avait f\u00eat\u00e9 la qualification face aux tribunes dans\u00a0 un geste obsc\u00e8ne.\u00a0<\/p>\n<p>Cristiano Ronaldo r\u00e9pondait \u00e0 l&rsquo;entra\u00eeneur madril\u00e8ne Diego Simeone, auteur d&rsquo;une c\u00e9l\u00e9bration similaire \u00e0 l&rsquo;aller. Le bouillant argentin, qui a demand\u00e9\u00a0 pardon aux personnes offens\u00e9es par son geste in\u00e9l\u00e9gant, avait \u00e9cop\u00e9 le 7\u00a0 mars d&rsquo;une amende identique de 20.000 euros inflig\u00e9e par l&rsquo;instance\u00a0 disciplinaire de l&rsquo;UEFA.\u00a0<\/p>\n<p>Auteur: elmoudjahid<br \/>\n<a href=\"http:\/\/www.elmoudjahid.com\/fr\/actualites\/135036\">Cliquez ici pour lire l&rsquo;article depuis sa source.<\/a><\/p>\n","protected":false},"excerpt":{"rendered":"<p>La star de la Juventus, Cristiano Ronaldo, a\u00a0 \u00e9cop\u00e9 d&rsquo;une amende de 20.000 euros de la part de l&rsquo;UEFA, pour \u00abconduite\u00a0 inappropri\u00e9e\u00bb, apr\u00e8s sa c\u00e9l\u00e9bration os\u00e9e contre l&rsquo;Atl\u00e9tico Madrid (3-0) en Ligue des champions. L&rsquo;instance europ\u00e9enne avait annonc\u00e9 lundi avoir ouvert une proc\u00e9dure\u00a0 disciplinaire contre le Portugais. La commission de discipline s&rsquo;est r\u00e9unie jeudi.\u00a0 Auteur [&hellip;]<\/p>\n","protected":false},"author":1744,"featured_media":0,"comment_status":"closed","ping_status":"closed","sticky":false,"template":"","format":"standard","meta":{"fifu_image_url":"","fifu_image_alt":"","footnotes":""},"categories":[73,53],"tags":[],"class_list":["post-23579","post","type-post","status-publish","format-standard","hentry","category-actualite","category-algerie"],"_links":{"self":[{"href":"https:\/\/linitiative.ca\/International\/wp-json\/wp\/v2\/posts\/23579","targetHints":{"allow":["GET"]}}],"collection":[{"href":"https:\/\/linitiative.ca\/International\/wp-json\/wp\/v2\/posts"}],"about":[{"href":"https:\/\/linitiative.ca\/International\/wp-json\/wp\/v2\/types\/post"}],"author":[{"embeddable":true,"href":"https:\/\/linitiative.ca\/International\/wp-json\/wp\/v2\/users\/1744"}],"replies":[{"embeddable":true,"href":"https:\/\/linitiative.ca\/International\/wp-json\/wp\/v2\/comments?post=23579"}],"version-history":[{"count":0,"href":"https:\/\/linitiative.ca\/International\/wp-json\/wp\/v2\/posts\/23579\/revisions"}],"wp:attachment":[{"href":"https:\/\/linitiative.ca\/International\/wp-json\/wp\/v2\/media?parent=23579"}],"wp:term":[{"taxonomy":"category","embeddable":true,"href":"https:\/\/linitiative.ca\/International\/wp-json\/wp\/v2\/categories?post=23579"},{"taxonomy":"post_tag","embeddable":true,"href":"https:\/\/linitiative.ca\/International\/wp-json\/wp\/v2\/tags?post=23579"}],"curies":[{"name":"wp","href":"https:\/\/api.w.org\/{rel}","templated":true}]}}