{"id":23595,"date":"2019-03-23T11:39:08","date_gmt":"2019-03-23T15:39:08","guid":{"rendered":"https:\/\/linitiative.ca\/International\/87208-handisports-retour-a-la-competition-des-equipes-de-natation-et-de-tennis-de-table\/"},"modified":"2019-03-23T11:39:08","modified_gmt":"2019-03-23T15:39:08","slug":"87208-handisports-retour-a-la-competition-des-equipes-de-natation-et-de-tennis-de-table","status":"publish","type":"post","link":"https:\/\/linitiative.ca\/International\/87208-handisports-retour-a-la-competition-des-equipes-de-natation-et-de-tennis-de-table\/","title":{"rendered":"Handisports: retour \u00e0 la comp\u00e9tition des \u00e9quipes de natation et de tennis de table"},"content":{"rendered":"<div>\n<div class=\"K2FeedImage\"><img decoding=\"async\" src=\"http:\/\/www.aps.dz\/media\/k2\/items\/cache\/3f7e24cd1fa8809d3d0d738cc66ff450_S.jpg\" alt=\"Handisports: retour \u00e0 la comp\u00e9tition des \u00e9quipes de natation et de tennis de table\"><\/div>\n<div class=\"K2FeedIntroText\">\n<p><strong>BLIDA &#8211; Le pr\u00e9sident de la F\u00e9d\u00e9ration alg\u00e9rienne de handisport, Mohamed Hachfa a annonc\u00e9, samedi \u00e0 Blida, le retour \u00e0 la comp\u00e9tition des \u00e9quipes de natation et de tennis de table, en perspective des prochains rendez-vous sportifs, apr\u00e8s un arr\u00eat de plusieurs ann\u00e9es.<\/strong><\/p>\n<\/div>\n<div class=\"K2FeedFullText\">\n<p>Dans une d\u00e9claration \u00e0 l\u2019APS, en marge du Festival de handisports \u00ab\u00a0Mitidja\u00a0\u00bb ouvert, samedi au lyc\u00e9e sportif, Hachfa a fait part d\u2019actions en cours, au niveau de sa F\u00e9d\u00e9ration, \u00a0\u00bb en vue de r\u00e9activer nombre d\u2019\u00e9quipes aux besoins sp\u00e9cifiques, dont l\u2019activit\u00e9 avait \u00e9t\u00e9 gel\u00e9e durant de nombreuses ann\u00e9es (pour des raisons qu\u2019il n\u2019a pas cit\u00e9). Il a cit\u00e9 particuli\u00e8rement les \u00e9quipes de natation et de tennis de table.<\/p>\n<p>\u00ab\u00a0La s\u00e9lection nationale de natation a entam\u00e9, ce samedi, son premier stage \u00e0 Bordj Bou Arreridj \u00a0\u00bb a-t-il fait savoir, exprimant son souhait que cette derni\u00e8re r\u00e9alise de \u00a0\u00bb bons r\u00e9sultats qui honoreront le handisport alg\u00e9rien, qui s\u2019est toujours distingu\u00e9 dans diff\u00e9rentes joutes mondiales \u00ab\u00a0, a-t-il soulign\u00e9.<\/p>\n<p>Le pr\u00e9sident de la F\u00e9d\u00e9ration alg\u00e9rienne de handisport a cit\u00e9 pour preuve de cette repr\u00e9sentation honorable du handisport alg\u00e9rien, l\u2019\u00e9quipe nationale de judo, qui a obtenu deux m\u00e9dailles en argent au Portugal, alors que celle d\u2019athl\u00e9tisme s\u2019est distingu\u00e9e par une 2eme place mondiale aux Jeux mondiaux-2019 des handicap\u00e9s moteurs et c\u00e9r\u00e9braux.<\/p>\n<hr>\n<h3>Lire aussi:\u00a0<a href=\"http:\/\/www.aps.dz\/sport\/87148-handisport-contrat-de-partenariat-entre-la-federation-algerienne-et-bp-jusqu-en-2020\" target=\"_blank\" rel=\"noopener noreferrer\">Handisport: contrat de partenariat entre la F\u00e9d\u00e9ration alg\u00e9rienne et BP jusqu&rsquo;en 2020<\/a><\/h3>\n<hr>\n<p>Le responsable a expliqu\u00e9 ces r\u00e9sultats \u00ab\u00a0satisfaisants\u00a0\u00bb par le \u00ab\u00a0soutien mat\u00e9riel et moral accord\u00e9, par les minist\u00e8res de la Solidarit\u00e9 nationale et de la Jeunesse et des Sports, \u00e0 cette cat\u00e9gorie sociale\u00a0\u00bb , caract\u00e9ris\u00e9e, a-t-il dit, par \u00ab\u00a0une volont\u00e9 \u00e0 toutes \u00e9preuves de se surpasser et d\u2019honorer le pays\u00a0\u00bb.<\/p>\n<p>Il n\u2019a pas manqu\u00e9, en outre, de souligner l\u2019existence \u00e0 Blida d\u2019un v\u00e9ritable vivier de talents susceptibles de renforcer les s\u00e9lections nationales de handisports (toutes disciplines confondues).<\/p>\n<p>Pr\u00e9s de 200 athl\u00e8tes repr\u00e9sentant une dizaine de wilayas, dont Biskra, Boumerdes, M\u00e9d\u00e9a, Ain Defla, Alger, (alors que plusieurs \u00e9quipes n\u2019ont pu se pr\u00e9senter \u00e0 cause des intemp\u00e9ries s\u00e9vissant notamment El Bayadh, Na\u00e0ma, et Skikda) ont pris part \u00e0 cette 8eme \u00e9dition du genre, organis\u00e9e par la Ligue de handisports de la wilaya de Blida, selon son pr\u00e9sident Lamri Belabbas.<\/p>\n<p>Plusieurs rencontres en football en salle et torball (ou ballon sonore) notamment sont port\u00e9es au programme de cette manifestation, qui se poursuivra deus jours durant, au niveau de la salle Hocine Cha\u00e0lane. La c\u00e9r\u00e9monie de cl\u00f4ture est pr\u00e9vue, dimanche soir, au si\u00e8ge de l\u2019Ecole technique de Sonelgaz.<\/p>\n<\/div>\n<p><img loading=\"lazy\" decoding=\"async\" src=\"http:\/\/feeds.feedburner.com\/~r\/aps-sport\/~4\/_0H0ERUhNas\" height=\"1\" width=\"1\" alt=\"\"><\/div>\n<p>Auteur:<br \/>\n<a href=\"http:\/\/www.aps.dz\/sport\/87208-handisports-retour-a-la-competition-des-equipes-de-natation-et-de-tennis-de-table?utm_source=feedburner&#038;utm_medium=feed&#038;utm_campaign=Feed%3A+aps-sport+%28APS+-+SPORT%29\">Cliquez ici pour lire l&rsquo;article depuis sa source.<\/a><\/p>\n","protected":false},"excerpt":{"rendered":"<p>BLIDA &#8211; Le pr\u00e9sident de la F\u00e9d\u00e9ration alg\u00e9rienne de handisport, Mohamed Hachfa a annonc\u00e9, samedi \u00e0 Blida, le retour \u00e0 la comp\u00e9tition des \u00e9quipes de natation et de tennis de table, en perspective des prochains rendez-vous sportifs, apr\u00e8s un arr\u00eat de plusieurs ann\u00e9es. Dans une d\u00e9claration \u00e0 l\u2019APS, en marge du Festival de handisports \u00ab\u00a0Mitidja\u00a0\u00bb [&hellip;]<\/p>\n","protected":false},"author":1790,"featured_media":23596,"comment_status":"closed","ping_status":"closed","sticky":false,"template":"","format":"standard","meta":{"fifu_image_url":"","fifu_image_alt":"","footnotes":""},"categories":[53,75],"tags":[],"class_list":["post-23595","post","type-post","status-publish","format-standard","has-post-thumbnail","hentry","category-algerie","category-sport"],"_links":{"self":[{"href":"https:\/\/linitiative.ca\/International\/wp-json\/wp\/v2\/posts\/23595","targetHints":{"allow":["GET"]}}],"collection":[{"href":"https:\/\/linitiative.ca\/International\/wp-json\/wp\/v2\/posts"}],"about":[{"href":"https:\/\/linitiative.ca\/International\/wp-json\/wp\/v2\/types\/post"}],"author":[{"embeddable":true,"href":"https:\/\/linitiative.ca\/International\/wp-json\/wp\/v2\/users\/1790"}],"replies":[{"embeddable":true,"href":"https:\/\/linitiative.ca\/International\/wp-json\/wp\/v2\/comments?post=23595"}],"version-history":[{"count":0,"href":"https:\/\/linitiative.ca\/International\/wp-json\/wp\/v2\/posts\/23595\/revisions"}],"wp:featuredmedia":[{"embeddable":true,"href":"https:\/\/linitiative.ca\/International\/wp-json\/"}],"wp:attachment":[{"href":"https:\/\/linitiative.ca\/International\/wp-json\/wp\/v2\/media?parent=23595"}],"wp:term":[{"taxonomy":"category","embeddable":true,"href":"https:\/\/linitiative.ca\/International\/wp-json\/wp\/v2\/categories?post=23595"},{"taxonomy":"post_tag","embeddable":true,"href":"https:\/\/linitiative.ca\/International\/wp-json\/wp\/v2\/tags?post=23595"}],"curies":[{"name":"wp","href":"https:\/\/api.w.org\/{rel}","templated":true}]}}