{"id":23604,"date":"2019-03-23T13:01:00","date_gmt":"2019-03-23T17:01:00","guid":{"rendered":"https:\/\/linitiative.ca\/International\/mascara-saisie-de-comprimes-de-psychotropes-a-baba-ali\/"},"modified":"2019-03-23T13:01:00","modified_gmt":"2019-03-23T17:01:00","slug":"mascara-saisie-de-comprimes-de-psychotropes-a-baba-ali","status":"publish","type":"post","link":"https:\/\/linitiative.ca\/International\/mascara-saisie-de-comprimes-de-psychotropes-a-baba-ali\/","title":{"rendered":"MASCARA : Saisie de comprim\u00e9s  de psychotropes  \u00e0 Baba Ali"},"content":{"rendered":"<p><br id=\"sep_para_1\" class=\"sep_para access\"\/><\/p>\n<div id=\"para_1\" class=\"para_29919482 resize\">\n<div class=\"texte access firstletter\">Les \u00e9l\u00e9ments de la brigade de police Judiciaire relevant de la premi\u00e8re suret\u00e9 urbaine de Mascara ont r\u00e9ussi \u00e0 neutraliser trois trafiquants de substances psychotropes, \u00e2g\u00e9s entre 26 et 42 ans, avec la saisie de 83 comprim\u00e9s hallucinog\u00e8nes et d\u2019une somme d\u2019argent revenu du trafic illicite. L\u2019arrestation a eu lieu suite \u00e0 l\u2019exploitation de renseignements parvenus aux \u00e9l\u00e9ments de la brigade au sujet de l\u2019activit\u00e9 d\u2019un des trois suspects, \u00e2g\u00e9 de 26 ans, qui revendait ces substances toxiques au niveau de son domicile familial situ\u00e9 \u00e0 Bab Ali \u00e0 Mascara. Le suspect a \u00e9t\u00e9 plac\u00e9 sous surveillance avant d\u2019\u00eatre arr\u00eat\u00e9, avec la saisie d\u2019une somme d\u2019argent. Il a \u00e9t\u00e9 conduit au si\u00e8ge de la premi\u00e8re suret\u00e9 urbaine o\u00f9 les mesures l\u00e9gales n\u00e9cessaires ont \u00e9t\u00e9 prises pour la perquisition de son domicile familial. L\u2019op\u00e9ration a permis de mettre la main sur 83 comprim\u00e9s hallucinog\u00e8nes de divers types. Les \u00e9l\u00e9ments du service ont r\u00e9ussi, \u00e0 travers l\u2019enqu\u00eate, \u00e0 identifier et arr\u00eater ses deux fournisseurs. Une fois les proc\u00e9dures d\u2019enqu\u00eate accomplies, les trois suspects furent pr\u00e9sent\u00e9s devant la justice qui a plac\u00e9 le premier en d\u00e9tention, alors que les deux autres ont b\u00e9n\u00e9fici\u00e9 de citation directe.\u00a0<\/div>\n<\/div>\n<p>Auteur: B.Boufaden<br \/>\n<a href=\"https:\/\/www.reflexiondz.net\/MASCARA-Saisie-de-comprimes-de-psychotropes-a-Baba-Ali_a55059.html\">Cliquez ici pour lire l&rsquo;article depuis sa source.<\/a><\/p>\n","protected":false},"excerpt":{"rendered":"<p>Les \u00e9l\u00e9ments de la brigade de police Judiciaire relevant de la premi\u00e8re suret\u00e9 urbaine de Mascara ont r\u00e9ussi \u00e0 neutraliser trois trafiquants de substances psychotropes, \u00e2g\u00e9s entre 26 et 42 ans, avec la saisie de 83 comprim\u00e9s hallucinog\u00e8nes et d\u2019une somme d\u2019argent revenu du trafic illicite. L\u2019arrestation a eu lieu suite \u00e0 l\u2019exploitation de renseignements [&hellip;]<\/p>\n","protected":false},"author":1740,"featured_media":0,"comment_status":"closed","ping_status":"closed","sticky":false,"template":"","format":"standard","meta":{"fifu_image_url":"","fifu_image_alt":"","footnotes":""},"categories":[53,76],"tags":[],"class_list":["post-23604","post","type-post","status-publish","format-standard","hentry","category-algerie","category-regions"],"_links":{"self":[{"href":"https:\/\/linitiative.ca\/International\/wp-json\/wp\/v2\/posts\/23604","targetHints":{"allow":["GET"]}}],"collection":[{"href":"https:\/\/linitiative.ca\/International\/wp-json\/wp\/v2\/posts"}],"about":[{"href":"https:\/\/linitiative.ca\/International\/wp-json\/wp\/v2\/types\/post"}],"author":[{"embeddable":true,"href":"https:\/\/linitiative.ca\/International\/wp-json\/wp\/v2\/users\/1740"}],"replies":[{"embeddable":true,"href":"https:\/\/linitiative.ca\/International\/wp-json\/wp\/v2\/comments?post=23604"}],"version-history":[{"count":0,"href":"https:\/\/linitiative.ca\/International\/wp-json\/wp\/v2\/posts\/23604\/revisions"}],"wp:attachment":[{"href":"https:\/\/linitiative.ca\/International\/wp-json\/wp\/v2\/media?parent=23604"}],"wp:term":[{"taxonomy":"category","embeddable":true,"href":"https:\/\/linitiative.ca\/International\/wp-json\/wp\/v2\/categories?post=23604"},{"taxonomy":"post_tag","embeddable":true,"href":"https:\/\/linitiative.ca\/International\/wp-json\/wp\/v2\/tags?post=23604"}],"curies":[{"name":"wp","href":"https:\/\/api.w.org\/{rel}","templated":true}]}}