{"id":23605,"date":"2019-03-23T13:01:00","date_gmt":"2019-03-23T17:01:00","guid":{"rendered":"https:\/\/linitiative.ca\/International\/tissemsilt-un-collegien-se-pend-a-youssoufia\/"},"modified":"2019-03-23T13:01:00","modified_gmt":"2019-03-23T17:01:00","slug":"tissemsilt-un-collegien-se-pend-a-youssoufia","status":"publish","type":"post","link":"https:\/\/linitiative.ca\/International\/tissemsilt-un-collegien-se-pend-a-youssoufia\/","title":{"rendered":"TISSEMSILT : Un coll\u00e9gien se  pend \u00e0 Youssoufia"},"content":{"rendered":"<p><br id=\"sep_para_1\" class=\"sep_para access\"\/><\/p>\n<div id=\"para_1\" class=\"para_29919478 resize\">\n<div class=\"texte access firstletter\">La ville de Youssoufia \u00e0 l\u2019extr\u00eame nord-est de Tissemsilt s\u2019est r\u00e9veill\u00e9e\u00a0 jeudi\u00a0 dernier vers 14 heures trente sur un autre drame de suicide qui a \u00f4t\u00e9 la vie \u00e0 un coll\u00e9gien. En effet, la population a \u00e9t\u00e9 boulevers\u00e9e d\u2019apprendre l\u2019horrible nouvelle du suicide de ce jeune enfant ag\u00e9 \u00e0 peine de 14 ans habitant cette m\u00eame ville et selon une source cr\u00e9dible, le pauvre enfant s\u2019est pendu sur le mur ext\u00e9rieur de sa propre habitation, selon les informations recueillies aupr\u00e8s des citoyens.\u00a0 Le d\u00e9funt qui \u00e9tait sous la pression des r\u00e9sultats scolaires et vivait une situation sociale des plus difficiles ne pouvant probablement plus supporter ces difficult\u00e9s,\u00a0 s\u2019est donn\u00e9 la mort par pendaison, des t\u00e9moins pr\u00e9cisent qu\u2019ils l\u2019avaient trouv\u00e9 pendu \u00e0 l\u2019ext\u00e9rieur de son habitation.\u00a0 Les services de la protection civile et de la police se sont d\u00e9p\u00each\u00e9s sur les lieux pour \u00e9vacuer le corps sans vie vers l\u2019h\u00f4pital de la ville de Teniet El Had et l\u2019ouverture d\u2019une enqu\u00eate pour d\u00e9terminer les circonstances exactes de cet acte fatal.\u00a0\u00a0\u00a0\u00a0\u00a0\u00a0<\/div>\n<\/div>\n<p>Auteur: A. Ould El Hadri<br \/>\n<a href=\"https:\/\/www.reflexiondz.net\/TISSEMSILT-Un-collegien-se-pend-a-Youssoufia_a55058.html\">Cliquez ici pour lire l&rsquo;article depuis sa source.<\/a><\/p>\n","protected":false},"excerpt":{"rendered":"<p>La ville de Youssoufia \u00e0 l\u2019extr\u00eame nord-est de Tissemsilt s\u2019est r\u00e9veill\u00e9e\u00a0 jeudi\u00a0 dernier vers 14 heures trente sur un autre drame de suicide qui a \u00f4t\u00e9 la vie \u00e0 un coll\u00e9gien. En effet, la population a \u00e9t\u00e9 boulevers\u00e9e d\u2019apprendre l\u2019horrible nouvelle du suicide de ce jeune enfant ag\u00e9 \u00e0 peine de 14 ans habitant cette [&hellip;]<\/p>\n","protected":false},"author":1740,"featured_media":0,"comment_status":"closed","ping_status":"closed","sticky":false,"template":"","format":"standard","meta":{"fifu_image_url":"","fifu_image_alt":"","footnotes":""},"categories":[53,76],"tags":[],"class_list":["post-23605","post","type-post","status-publish","format-standard","hentry","category-algerie","category-regions"],"_links":{"self":[{"href":"https:\/\/linitiative.ca\/International\/wp-json\/wp\/v2\/posts\/23605","targetHints":{"allow":["GET"]}}],"collection":[{"href":"https:\/\/linitiative.ca\/International\/wp-json\/wp\/v2\/posts"}],"about":[{"href":"https:\/\/linitiative.ca\/International\/wp-json\/wp\/v2\/types\/post"}],"author":[{"embeddable":true,"href":"https:\/\/linitiative.ca\/International\/wp-json\/wp\/v2\/users\/1740"}],"replies":[{"embeddable":true,"href":"https:\/\/linitiative.ca\/International\/wp-json\/wp\/v2\/comments?post=23605"}],"version-history":[{"count":0,"href":"https:\/\/linitiative.ca\/International\/wp-json\/wp\/v2\/posts\/23605\/revisions"}],"wp:attachment":[{"href":"https:\/\/linitiative.ca\/International\/wp-json\/wp\/v2\/media?parent=23605"}],"wp:term":[{"taxonomy":"category","embeddable":true,"href":"https:\/\/linitiative.ca\/International\/wp-json\/wp\/v2\/categories?post=23605"},{"taxonomy":"post_tag","embeddable":true,"href":"https:\/\/linitiative.ca\/International\/wp-json\/wp\/v2\/tags?post=23605"}],"curies":[{"name":"wp","href":"https:\/\/api.w.org\/{rel}","templated":true}]}}