{"id":23607,"date":"2019-03-23T13:08:00","date_gmt":"2019-03-23T17:08:00","guid":{"rendered":"https:\/\/linitiative.ca\/International\/ministere-de-la-culture-abdelkader-bendameche-nomme-directeur-de-laarc\/"},"modified":"2019-03-23T13:08:00","modified_gmt":"2019-03-23T17:08:00","slug":"ministere-de-la-culture-abdelkader-bendameche-nomme-directeur-de-laarc","status":"publish","type":"post","link":"https:\/\/linitiative.ca\/International\/ministere-de-la-culture-abdelkader-bendameche-nomme-directeur-de-laarc\/","title":{"rendered":"MINISTERE DE LA CULTURE : Abdelkader Bendam\u00e8che nomm\u00e9 directeur de l&rsquo;AARC"},"content":{"rendered":"<p><br id=\"sep_para_1\" class=\"sep_para access\"\/><\/p>\n<div id=\"para_1\" class=\"para_29919582 resize\">\n<div class=\"photo shadow left\"><a href=\"javascript:void(0)\" rel=\"https:\/\/www.reflexiondz.net\/photo\/art\/grande\/31913170-29919582.jpg?v=1553366778&#038;ibox\" title=\"MINISTERE DE LA CULTURE : Abdelkader Bendam\u00e8che nomm\u00e9 directeur de l'AARC\"><img decoding=\"async\" class=\"responsive c9\" src=\"https:\/\/www.reflexiondz.net\/photo\/art\/grande\/31913170-29919582.jpg?v=1553366778\" alt=\"MINISTERE DE LA CULTURE : Abdelkader Bendam\u00e8che nomm\u00e9 directeur de l'AARC\" title=\"MINISTERE DE LA CULTURE : Abdelkader Bendam\u00e8che nomm\u00e9 directeur de l'AARC\"\/><img decoding=\"async\" class=\"not-responsive\" src=\"https:\/\/www.reflexiondz.net\/photo\/art\/default\/31913170-29919582.jpg?v=1553366780\" alt=\"MINISTERE DE LA CULTURE : Abdelkader Bendam\u00e8che nomm\u00e9 directeur de l'AARC\" title=\"MINISTERE DE LA CULTURE : Abdelkader Bendam\u00e8che nomm\u00e9 directeur de l'AARC\"\/><\/a><\/div>\n<div class=\"texte access firstletter\">M. Abdelkader Bendam\u00e8che a \u00e9t\u00e9 nomm\u00e9 directeur de l\u2019Agence alg\u00e9rienne pour le rayonnement culturel (AARC), a-t-on appris aupr\u00e8s du minist\u00e8re de la Culture. Ayant d\u00e9j\u00e0 occup\u00e9 plusieurs postes administratifs, M. Abdelkader Bendam\u00e8che compte parmi les hommes de culture vers\u00e9s dans les domaines de la musique et l\u2019art alg\u00e9riens. Il a d\u00e9j\u00e0 pr\u00e9sid\u00e9 le Conseil national des arts et des lettres (CNAL), avant d\u2019\u00eatre nomm\u00e9 \u00e0 la t\u00eate de l\u2019AARC, poste vacant depuis plus de quatre ans. Par ailleurs, Mme Nabila Rezaig a \u00e9t\u00e9 nomm\u00e9e directrice du d\u00e9veloppement et de la promotion des arts au minist\u00e8re de la Culture, en remplacement de Mme Zahia Benchikh qui a \u201cdemand\u00e9 \u00e0 \u00eatre relev\u00e9e de ce poste\u201d. Mme Nabila Rezaig qui a occup\u00e9 le poste de sous-directrice au minist\u00e8re de la Culture, a \u00e9galement travaill\u00e9 dans le domaine du cin\u00e9ma \u00e0 l\u2019AARC, ajoute la m\u00eame source.\u00a0\u00a0\u00a0\u00a0\u00a0\u00a0\u00a0<\/div>\n<\/div>\n<p>Auteur: Nadine<br \/>\n<a href=\"https:\/\/www.reflexiondz.net\/MINISTERE-DE-LA-CULTURE-Abdelkader-Bendameche-nomme-directeur-de-l-AARC_a55071.html\">Cliquez ici pour lire l&rsquo;article depuis sa source.<\/a><\/p>\n","protected":false},"excerpt":{"rendered":"<p>M. Abdelkader Bendam\u00e8che a \u00e9t\u00e9 nomm\u00e9 directeur de l\u2019Agence alg\u00e9rienne pour le rayonnement culturel (AARC), a-t-on appris aupr\u00e8s du minist\u00e8re de la Culture. Ayant d\u00e9j\u00e0 occup\u00e9 plusieurs postes administratifs, M. Abdelkader Bendam\u00e8che compte parmi les hommes de culture vers\u00e9s dans les domaines de la musique et l\u2019art alg\u00e9riens. Il a d\u00e9j\u00e0 pr\u00e9sid\u00e9 le Conseil national [&hellip;]<\/p>\n","protected":false},"author":1740,"featured_media":0,"comment_status":"closed","ping_status":"closed","sticky":false,"template":"","format":"standard","meta":{"fifu_image_url":"","fifu_image_alt":"","footnotes":""},"categories":[53,76],"tags":[],"class_list":["post-23607","post","type-post","status-publish","format-standard","hentry","category-algerie","category-regions"],"_links":{"self":[{"href":"https:\/\/linitiative.ca\/International\/wp-json\/wp\/v2\/posts\/23607","targetHints":{"allow":["GET"]}}],"collection":[{"href":"https:\/\/linitiative.ca\/International\/wp-json\/wp\/v2\/posts"}],"about":[{"href":"https:\/\/linitiative.ca\/International\/wp-json\/wp\/v2\/types\/post"}],"author":[{"embeddable":true,"href":"https:\/\/linitiative.ca\/International\/wp-json\/wp\/v2\/users\/1740"}],"replies":[{"embeddable":true,"href":"https:\/\/linitiative.ca\/International\/wp-json\/wp\/v2\/comments?post=23607"}],"version-history":[{"count":0,"href":"https:\/\/linitiative.ca\/International\/wp-json\/wp\/v2\/posts\/23607\/revisions"}],"wp:attachment":[{"href":"https:\/\/linitiative.ca\/International\/wp-json\/wp\/v2\/media?parent=23607"}],"wp:term":[{"taxonomy":"category","embeddable":true,"href":"https:\/\/linitiative.ca\/International\/wp-json\/wp\/v2\/categories?post=23607"},{"taxonomy":"post_tag","embeddable":true,"href":"https:\/\/linitiative.ca\/International\/wp-json\/wp\/v2\/tags?post=23607"}],"curies":[{"name":"wp","href":"https:\/\/api.w.org\/{rel}","templated":true}]}}