{"id":23608,"date":"2019-03-23T13:08:00","date_gmt":"2019-03-23T17:08:00","guid":{"rendered":"https:\/\/linitiative.ca\/International\/rnd-probable-demission-aujourdhui-douyahia\/"},"modified":"2019-03-23T13:08:00","modified_gmt":"2019-03-23T17:08:00","slug":"rnd-probable-demission-aujourdhui-douyahia","status":"publish","type":"post","link":"https:\/\/linitiative.ca\/International\/rnd-probable-demission-aujourdhui-douyahia\/","title":{"rendered":"RND : probable d\u00e9mission aujourd\u2019hui d\u2019Ouyahia"},"content":{"rendered":"<p><br id=\"sep_para_1\" class=\"sep_para access\"\/><\/p>\n<div id=\"para_1\" class=\"para_29919587 resize\">\n<div class=\"photo shadow left\"><a href=\"javascript:void(0)\" rel=\"https:\/\/www.reflexiondz.net\/photo\/art\/grande\/31913173-29919587.jpg?v=1553366719&#038;ibox\" title=\"RND : probable d\u00e9mission aujourd\u2019hui d\u2019Ouyahia\"><img decoding=\"async\" class=\"responsive c9\" src=\"https:\/\/www.reflexiondz.net\/photo\/art\/grande\/31913173-29919587.jpg?v=1553366719\" alt=\"RND : probable d\u00e9mission aujourd\u2019hui d\u2019Ouyahia\" title=\"RND : probable d\u00e9mission aujourd\u2019hui d\u2019Ouyahia\"\/><img decoding=\"async\" class=\"not-responsive\" src=\"https:\/\/www.reflexiondz.net\/photo\/art\/default\/31913173-29919587.jpg?v=1553366720\" alt=\"RND : probable d\u00e9mission aujourd\u2019hui d\u2019Ouyahia\" title=\"RND : probable d\u00e9mission aujourd\u2019hui d\u2019Ouyahia\"\/><\/a><\/div>\n<div class=\"texte access firstletter\">Ahmed Ouyahia r\u00e9unit le bureau national du RND, aujourd\u2019hui au si\u00e8ge national du parti, a-t-on appris de sources proches du parti. Aucun ordre du jour n\u2019est fix\u00e9 pour cette r\u00e9union, qui intervient quelques jours apr\u00e8s la tenue du conseil national. Le secr\u00e9taire g\u00e9n\u00e9ral du RND pourrait pr\u00e9senter sa d\u00e9mission du parti, apr\u00e8s avoir d\u00e9missionn\u00e9 du gouvernement, pour mettre fin aux agissements visant \u00e0 le d\u00e9mettre de son poste de responsabilit\u00e9 au sein de cette formation politique. Plusieurs sources avancent la possible d\u00e9mission d\u2019Ahmed Ouyahia de poste du secr\u00e9taire g\u00e9n\u00e9ral du RND. L\u2019ex-Premier ministre aurait exprim\u00e9 sa volont\u00e9 de se retirer d\u00e9finitivement de la vie politique nationale.<\/div>\n<\/div>\n<p>Auteur: R\u00e9flexion<br \/>\n<a href=\"https:\/\/www.reflexiondz.net\/RND-probable-demission-aujourd-hui-d-Ouyahia_a55072.html\">Cliquez ici pour lire l&rsquo;article depuis sa source.<\/a><\/p>\n","protected":false},"excerpt":{"rendered":"<p>Ahmed Ouyahia r\u00e9unit le bureau national du RND, aujourd\u2019hui au si\u00e8ge national du parti, a-t-on appris de sources proches du parti. Aucun ordre du jour n\u2019est fix\u00e9 pour cette r\u00e9union, qui intervient quelques jours apr\u00e8s la tenue du conseil national. Le secr\u00e9taire g\u00e9n\u00e9ral du RND pourrait pr\u00e9senter sa d\u00e9mission du parti, apr\u00e8s avoir d\u00e9missionn\u00e9 du [&hellip;]<\/p>\n","protected":false},"author":1740,"featured_media":0,"comment_status":"closed","ping_status":"closed","sticky":false,"template":"","format":"standard","meta":{"fifu_image_url":"","fifu_image_alt":"","footnotes":""},"categories":[53,76],"tags":[],"class_list":["post-23608","post","type-post","status-publish","format-standard","hentry","category-algerie","category-regions"],"_links":{"self":[{"href":"https:\/\/linitiative.ca\/International\/wp-json\/wp\/v2\/posts\/23608","targetHints":{"allow":["GET"]}}],"collection":[{"href":"https:\/\/linitiative.ca\/International\/wp-json\/wp\/v2\/posts"}],"about":[{"href":"https:\/\/linitiative.ca\/International\/wp-json\/wp\/v2\/types\/post"}],"author":[{"embeddable":true,"href":"https:\/\/linitiative.ca\/International\/wp-json\/wp\/v2\/users\/1740"}],"replies":[{"embeddable":true,"href":"https:\/\/linitiative.ca\/International\/wp-json\/wp\/v2\/comments?post=23608"}],"version-history":[{"count":0,"href":"https:\/\/linitiative.ca\/International\/wp-json\/wp\/v2\/posts\/23608\/revisions"}],"wp:attachment":[{"href":"https:\/\/linitiative.ca\/International\/wp-json\/wp\/v2\/media?parent=23608"}],"wp:term":[{"taxonomy":"category","embeddable":true,"href":"https:\/\/linitiative.ca\/International\/wp-json\/wp\/v2\/categories?post=23608"},{"taxonomy":"post_tag","embeddable":true,"href":"https:\/\/linitiative.ca\/International\/wp-json\/wp\/v2\/tags?post=23608"}],"curies":[{"name":"wp","href":"https:\/\/api.w.org\/{rel}","templated":true}]}}