{"id":23620,"date":"2019-03-23T04:00:00","date_gmt":"2019-03-23T08:00:00","guid":{"rendered":"https:\/\/linitiative.ca\/International\/coup-de-foudre-a-addis-abeba-impressionnante-ethiopie\/"},"modified":"2019-03-23T04:00:00","modified_gmt":"2019-03-23T08:00:00","slug":"coup-de-foudre-a-addis-abeba-impressionnante-ethiopie","status":"publish","type":"post","link":"https:\/\/linitiative.ca\/International\/coup-de-foudre-a-addis-abeba-impressionnante-ethiopie\/","title":{"rendered":"Coup de foudre \u00e0 Addis-Abeba: Impressionnante Ethiopie"},"content":{"rendered":"<p><span class=\"c2\">Vieux routier du continent africain et de la diplomatie internationale, le pr\u00e9sident B\u00e9ji Ca\u00efd Essebsi n\u2019est pas facile \u00e0 impressionner. Il l\u2019a pourtant \u00e9t\u00e9 par l\u2019Ethiopie et ses nouveaux dirigeants, \u00e0 l\u2019occasion de sa participation, du 9 au 11 f\u00e9vrier dernier \u00e0 Addis-Abeba, au 32e sommet de l\u2019Union africaine. En cort\u00e8ge \u00e0 travers les grandes avenues de la capitale, comme lors de ses entretiens avec la toute nouvelle pr\u00e9sidente de la R\u00e9publique, Sahle-Work Zewde, et le tout nouveau Premier ministre, Abiy Ahmed, il a per\u00e7u la transformation rapide du pays et l\u2019affirmation d\u2019une grande ambition d\u2019avenir. Coup de foudre r\u00e9ciproque.<\/span><\/p>\n<p>L\u2019Ethiopie, au c\u0153ur de la Corne de l\u2019Afrique, ce g\u00e9ant d\u00e9mographique de plus de 107 millions d\u2019habitants, affiche la plus forte croissance du continent (8.5% selon le FMI). Ses 45 millions d\u2019hectares de terres arables (coton, caf\u00e9&#8230;), ses barrages fournissant \u00e0 l\u2019abondance de l\u2019\u00e9nergie \u00e9lectrique \u00e0 prix tr\u00e8s comp\u00e9titifs, ses 13 nouveaux parcs industriels accueillant de grandes compagnies internationales et ses 4 milliards de dollars d\u2019investissements directs \u00e9trangers attir\u00e9s en 2016 et 2017, entend se hisser parmi les \u00e9conomies interm\u00e9diaires les plus dynamiques du continent. Et constituer un hub marchand tr\u00e8s actif pour la r\u00e9gion. L\u2019infrastructure se renforce \u00e0 grande vitesse : chemin de fer Addis-Djibouti, tramway, nouvel a\u00e9roport, autoroutes et ponts sortent le pays mill\u00e9naire d\u2019une longue l\u00e9thargie socialiste durant les derni\u00e8res d\u00e9cennies. Partout des buildings luxueux et des centres commerciaux modernes sortent de terre.<\/p>\n<p class=\"c3\"><img loading=\"lazy\" decoding=\"async\" src=\"\/uploads\/FCK_files\/Adis-Aebba.jpg\" class=\"responsive_img\" alt=\"\" width=\"700\" vspace=\"5\" hspace=\"5\" height=\"515\" align=\"middle\"\/><\/p>\n<h2>Le souvenir de Bourguiba et de Ha\u00efl\u00e9 S\u00e9lassi\u00e9<\/h2>\n<p>\u00abJe sais que vous avez des liens particuliers avec la Tunisie, c\u2019est pourquoi j\u2019ai tenu \u00e0 venir vous saluer, Mme la Pr\u00e9sidente !\u00bb D\u2019embl\u00e9e, le pr\u00e9sident B\u00e9ji Ca\u00efd Essebsi engageait la conversation avec la pr\u00e9sidente de l\u2019Ethiopie, Sahle-Work Zwede, \u00e9lue le 25 octobre dernier et premi\u00e8re femme \u00e0 acc\u00e9der \u00e0 la magistrature supr\u00eame dans son pays. Ancienne ambassadrice d\u2019Ethiopie \u00e0 Tunis, avec r\u00e9sidence \u00e0 Paris (2006 &#8211; 2006), elle avait en effet tiss\u00e9 des liens solides avec des Tunisiens et cultiv\u00e9 une r\u00e9elle amiti\u00e9 pour notre pays. Dans ce c\u00e9l\u00e8bre Palais National d\u2019Addis-Abeba, construit en 1955 au milieu d\u2019un vaste jardin pour le jubil\u00e9 d\u2019argent de l\u2019empereur Ha\u00efl\u00e9 S\u00e9lassi\u00e9 Ier, o\u00f9 elle recevait son h\u00f4te, le pr\u00e9sident de la Tunisie, Sahle-Work Zewde ne pouvait occulter la grande amiti\u00e9 qui avait li\u00e9 l\u2019Empereur et le pr\u00e9sident Bourguiba. Elle sera fort \u00e9mue lorsque B\u00e9ji Ca\u00efd Essebis lui offrira une photo in\u00e9dite de la derni\u00e8re rencontre entre Bourguiba et l\u2019Empereur.<\/p>\n<p class=\"c3\"><img loading=\"lazy\" decoding=\"async\" src=\"\/uploads\/FCK_files\/Addis---Beji.jpg\" class=\"responsive_img\" alt=\"\" width=\"700\" vspace=\"5\" hspace=\"5\" height=\"606\" align=\"middle\"\/><\/p>\n<h2>Un r\u00e9formateur en grande vitesse<\/h2>\n<p>Pendant plus de 45 minutes, l\u2019entretien en anglais, sans interpr\u00e8te, entre le pr\u00e9sident B\u00e9ji Ca\u00efd Essebsi et le jeune Premier ministre \u00e9thiopien Abiy Ahmed (42 ans), a \u00e9t\u00e9 lui aussi impressionnant. A la t\u00eate de la coalition au pouvoir, le Front d\u00e9mocratique r\u00e9volutionnaire du peuple \u00e9thiopien (Fdrpe), il succ\u00e8de \u00e0 Haile Mariam Dessalegn, d\u00e9missionnaire, au poste de Premier ministre le 2 avril 2018. Son tour de force est d\u2019\u00eatre un rassembleur, mais aussi un transformateur. En quelques mois seulement, il a su apaiser tant de tensions internes, d\u00e9samorcer tant de conflits et d\u00e9passer les questions ethniques, religieuses et politiques, pour forger une union sacr\u00e9e.<\/p>\n<p class=\"c3\"><img loading=\"lazy\" decoding=\"async\" src=\"\/uploads\/FCK_files\/Addis---1er-ministre.jpg\" class=\"responsive_img\" alt=\"\" width=\"700\" vspace=\"5\" hspace=\"5\" height=\"547\" align=\"middle\"\/><\/p>\n<p>Reprenant \u00e0 bras-le-corps le programme de croissance et de transformation \u00e9conomique, en imposant des r\u00e9formes urgentes et une \u00e2pre lutte contre la corruption, il lance en parall\u00e8le un grand plan social. Abiy Ahmed ne se contente pas de cette dynamique interne qu\u2019il imprime au pays. Il se lance en effet dans un ambitieux projet de pacification de l\u2019ensemble de la Corne de l\u2019Afrique ensanglant\u00e9e par des guerres (Somalie, Erythr\u00e9e&#8230;) et le terrorisme. Profitant de la nouvelle donne dans les pays du Golfe, au Y\u00e9men et sur les rivages de la mer Rouge, il positionne son pays, l\u2019Ethiopie, en nouveau partenaire privil\u00e9gi\u00e9 des grandes puissances occidentales, du Golfe et de la Chine.<\/p>\n<p class=\"c3\"><img loading=\"lazy\" decoding=\"async\" src=\"\/uploads\/FCK_files\/Adis-Aebba-1.jpg\" class=\"responsive_img\" alt=\"\" width=\"700\" vspace=\"5\" hspace=\"5\" height=\"430\" align=\"middle\"\/><\/p>\n<p>Abiy Ahmed sera tout ou\u00efe pour \u00e9couter les analyses g\u00e9ostrat\u00e9giques que sait faire B\u00e9ji Ca\u00efd Essebsi. Et le pr\u00e9sident Ca\u00efd Essebsi sera tr\u00e8s attentif aux explications fournies par le nouveau leader de la r\u00e9gion. Avec, \u00e9videmment, les perspectives de coop\u00e9ration entre les deux pays. Coup de foudre.<\/p>\n<p><strong>Lire aussi<\/strong><\/p>\n<p><a href=\"https:\/\/www.leaders.com.tn\/article\/26744-ces-tunisiens-d-addis-abeba\" target=\"_blank\" rel=\"noopener noreferrer\">Ces Tunisiens d\u2019Addis-Abeba<\/a><\/p>\n<p class=\"c3\"><strong><a href=\"http:\/\/www.leaders.com.tn\/le_mensuel_abonnez_vous\"><img loading=\"lazy\" decoding=\"async\" src=\"\/uploads\/FCK_files\/Bandeau-Leaders-1-copie(17).jpg\" alt=\"\" width=\"500\" vspace=\"5\" hspace=\"5\" height=\"128\" align=\"middle\"\/><\/a><\/strong><\/p>\n<p>\u00a0<\/p>\n<p>Auteur:<br \/>\n<a href=\"https:\/\/www.leaders.com.tn\/article\/26743-coup-de-foudre-a-addis-abeba-impressionnante-ethiopie\">Cliquez ici pour lire l&rsquo;article depuis sa source.<\/a><\/p>\n","protected":false},"excerpt":{"rendered":"<p>Vieux routier du continent africain et de la diplomatie internationale, le pr\u00e9sident B\u00e9ji Ca\u00efd Essebsi n\u2019est pas facile \u00e0 impressionner. Il l\u2019a pourtant \u00e9t\u00e9 par l\u2019Ethiopie et ses nouveaux dirigeants, \u00e0 l\u2019occasion de sa participation, du 9 au 11 f\u00e9vrier dernier \u00e0 Addis-Abeba, au 32e sommet de l\u2019Union africaine. En cort\u00e8ge \u00e0 travers les grandes [&hellip;]<\/p>\n","protected":false},"author":1772,"featured_media":23621,"comment_status":"closed","ping_status":"closed","sticky":false,"template":"","format":"standard","meta":{"fifu_image_url":"","fifu_image_alt":"","footnotes":""},"categories":[73,55],"tags":[],"class_list":["post-23620","post","type-post","status-publish","format-standard","has-post-thumbnail","hentry","category-actualite","category-tunisie"],"_links":{"self":[{"href":"https:\/\/linitiative.ca\/International\/wp-json\/wp\/v2\/posts\/23620","targetHints":{"allow":["GET"]}}],"collection":[{"href":"https:\/\/linitiative.ca\/International\/wp-json\/wp\/v2\/posts"}],"about":[{"href":"https:\/\/linitiative.ca\/International\/wp-json\/wp\/v2\/types\/post"}],"author":[{"embeddable":true,"href":"https:\/\/linitiative.ca\/International\/wp-json\/wp\/v2\/users\/1772"}],"replies":[{"embeddable":true,"href":"https:\/\/linitiative.ca\/International\/wp-json\/wp\/v2\/comments?post=23620"}],"version-history":[{"count":0,"href":"https:\/\/linitiative.ca\/International\/wp-json\/wp\/v2\/posts\/23620\/revisions"}],"wp:featuredmedia":[{"embeddable":true,"href":"https:\/\/linitiative.ca\/International\/wp-json\/"}],"wp:attachment":[{"href":"https:\/\/linitiative.ca\/International\/wp-json\/wp\/v2\/media?parent=23620"}],"wp:term":[{"taxonomy":"category","embeddable":true,"href":"https:\/\/linitiative.ca\/International\/wp-json\/wp\/v2\/categories?post=23620"},{"taxonomy":"post_tag","embeddable":true,"href":"https:\/\/linitiative.ca\/International\/wp-json\/wp\/v2\/tags?post=23620"}],"curies":[{"name":"wp","href":"https:\/\/api.w.org\/{rel}","templated":true}]}}