{"id":23622,"date":"2019-03-23T06:00:00","date_gmt":"2019-03-23T10:00:00","guid":{"rendered":"https:\/\/linitiative.ca\/International\/ces-tunisiens-daddis-abeba\/"},"modified":"2019-03-23T06:00:00","modified_gmt":"2019-03-23T10:00:00","slug":"ces-tunisiens-daddis-abeba","status":"publish","type":"post","link":"https:\/\/linitiative.ca\/International\/ces-tunisiens-daddis-abeba\/","title":{"rendered":"Ces Tunisiens d\u2019Addis-Abeba"},"content":{"rendered":"<p><em><strong>De l\u2019envoy\u00e9 sp\u00e9cial de Leaders, Taoufik Habaieb &#8211;<\/strong><\/em> Ils ne sont pas nombreux, moins d\u2019une cinquantaine de Tunisiens \u00e9tablis en Ethiopie. Quasiment tous dans la capitale, Addis-Abeba, et pour la plupart travaillant \u00e0 l\u2019Union africaine (UA) et dans des organisations r\u00e9gionales et internationales. \u00abls jouissent tous d\u2019une excellente r\u00e9putation\u00bb, affirme \u00e0 Leaders l\u2019ambassadeur de Tunisie \u00e0 Addis-Abeba, Kais Kabtani. Ceux qui rel\u00e8vent de l\u2019UA appartiennent \u00e0 diff\u00e9rentes cat\u00e9gories.\u00a0 Il y a d\u2019abord les commissaires \u00e9lus, sur proposition officielle de la Tunisie. Il s\u2019agit de l\u2019ambassadeur Hatem Essaiem (Commission africaine des droits de l\u2019homme et des peuples, Cadhp), qui si\u00e8ge \u00e0 Banjul, et du Pr Hajer Gueldich (Commission de l\u2019Union africaine pour le droit international, Cuadi).<\/p>\n<p class=\"c2\"><img loading=\"lazy\" decoding=\"async\" src=\"\/uploads\/FCK_files\/Ces-Tunisien-Moy.jpg\" class=\"responsive_img\" alt=\"\" width=\"700\" vspace=\"5\" hspace=\"5\" height=\"700\" align=\"middle\"\/><\/p>\n<p>Dans la cat\u00e9gorie repr\u00e9sentants et repr\u00e9sentants adjoints de l\u2019UA \u00e0 l\u2019\u00e9tranger, nous trouvons trois Tunisiens : Wahida Ayari Sakkej, repr\u00e9sentante en Libye, El Habib Yakdhan, repr\u00e9sentant adjoint \u00e0 Gen\u00e8ve, et Tarek Ben Youssef, m\u00eame qualit\u00e9 \u00e0 Washington. Au si\u00e8ge, \u00e0 Addis-Abeba, il y a notamment les chefs de division, Leila Ben Ali Kraiem et Jalel Chelba, le m\u00e9decin, Dr Wafa Dabbabi, l\u2019asssitante, Refka Dahmani, l\u2019ing\u00e9nieur g\u00e9omaticien, Hamdi Kacem, et d\u2019autres pointures de haut niveau.<br \/>Quelques hommes d\u2019affaires tunisiens commencent \u00e0 affluer vers l\u2019Ethiopie. Parmi eux\u00a0 Mohamed Ben Salem et son \u00e9pouse Sahila. Ils ont mont\u00e9 une unit\u00e9 de production agroalimentaire rencontrant un vif succ\u00e8s.<br \/>Portraits express et success story.<\/p>\n<p><strong>Lire aussi<\/strong><br \/><a href=\"https:\/\/www.leaders.com.tn\/article\/26743-coup-de-foudre-a-addis-abeba-impressionnante-ethiopie\" target=\"_blank\" rel=\"noopener noreferrer\">Coup de foudre \u00e0 Addis-Abeba: Impressionnante Ethiopie<\/a><\/p>\n<p class=\"c2\"><strong><a href=\"http:\/\/www.leaders.com.tn\/le_mensuel_abonnez_vous\"><img loading=\"lazy\" decoding=\"async\" src=\"\/uploads\/FCK_files\/Bandeau-Leaders-1-copie(17).jpg\" alt=\"\" width=\"500\" vspace=\"5\" hspace=\"5\" height=\"128\" align=\"middle\"\/><\/a><\/strong><\/p>\n<p>Auteur:<br \/>\n<a href=\"https:\/\/www.leaders.com.tn\/article\/26744-ces-tunisiens-d-addis-abeba\">Cliquez ici pour lire l&rsquo;article depuis sa source.<\/a><\/p>\n","protected":false},"excerpt":{"rendered":"<p>De l\u2019envoy\u00e9 sp\u00e9cial de Leaders, Taoufik Habaieb &#8211; Ils ne sont pas nombreux, moins d\u2019une cinquantaine de Tunisiens \u00e9tablis en Ethiopie. Quasiment tous dans la capitale, Addis-Abeba, et pour la plupart travaillant \u00e0 l\u2019Union africaine (UA) et dans des organisations r\u00e9gionales et internationales. \u00abls jouissent tous d\u2019une excellente r\u00e9putation\u00bb, affirme \u00e0 Leaders l\u2019ambassadeur de Tunisie [&hellip;]<\/p>\n","protected":false},"author":1772,"featured_media":23623,"comment_status":"closed","ping_status":"closed","sticky":false,"template":"","format":"standard","meta":{"fifu_image_url":"","fifu_image_alt":"","footnotes":""},"categories":[73,55],"tags":[],"class_list":["post-23622","post","type-post","status-publish","format-standard","has-post-thumbnail","hentry","category-actualite","category-tunisie"],"_links":{"self":[{"href":"https:\/\/linitiative.ca\/International\/wp-json\/wp\/v2\/posts\/23622","targetHints":{"allow":["GET"]}}],"collection":[{"href":"https:\/\/linitiative.ca\/International\/wp-json\/wp\/v2\/posts"}],"about":[{"href":"https:\/\/linitiative.ca\/International\/wp-json\/wp\/v2\/types\/post"}],"author":[{"embeddable":true,"href":"https:\/\/linitiative.ca\/International\/wp-json\/wp\/v2\/users\/1772"}],"replies":[{"embeddable":true,"href":"https:\/\/linitiative.ca\/International\/wp-json\/wp\/v2\/comments?post=23622"}],"version-history":[{"count":0,"href":"https:\/\/linitiative.ca\/International\/wp-json\/wp\/v2\/posts\/23622\/revisions"}],"wp:featuredmedia":[{"embeddable":true,"href":"https:\/\/linitiative.ca\/International\/wp-json\/"}],"wp:attachment":[{"href":"https:\/\/linitiative.ca\/International\/wp-json\/wp\/v2\/media?parent=23622"}],"wp:term":[{"taxonomy":"category","embeddable":true,"href":"https:\/\/linitiative.ca\/International\/wp-json\/wp\/v2\/categories?post=23622"},{"taxonomy":"post_tag","embeddable":true,"href":"https:\/\/linitiative.ca\/International\/wp-json\/wp\/v2\/tags?post=23622"}],"curies":[{"name":"wp","href":"https:\/\/api.w.org\/{rel}","templated":true}]}}