{"id":23628,"date":"2019-03-23T13:35:12","date_gmt":"2019-03-23T17:35:12","guid":{"rendered":"https:\/\/linitiative.ca\/International\/presse-electronique-autorisation-de-tournage-pour-son-propre-compte\/"},"modified":"2019-03-23T13:35:12","modified_gmt":"2019-03-23T17:35:12","slug":"presse-electronique-autorisation-de-tournage-pour-son-propre-compte","status":"publish","type":"post","link":"https:\/\/linitiative.ca\/International\/presse-electronique-autorisation-de-tournage-pour-son-propre-compte\/","title":{"rendered":"Presse \u00e9lectronique : autorisation de tournage pour son propre compte"},"content":{"rendered":"<p>Les <strong>journaux \u00e9lectroniques<\/strong>, ayant satisfait aux conditions pr\u00e9vues \u00e0 l\u2019article 21 de la loi relative \u00e0 la presse et \u00e0 l\u2019\u00e9dition et portant sur l\u2019autorisation pr\u00e9alable et indications obligatoires y aff\u00e9rentes, b\u00e9n\u00e9ficient imp\u00e9rativement d\u2019une autorisation de tournage pour son propre compte, a indiqu\u00e9 samedi le d\u00e9partement de la Communication -minist\u00e8re de la Culture et de la communication.<\/p>\n<div class=\"c10\"\/>\n<p>En vertu de l\u2019article 35 du chapitre sur les services de la presse \u00e9lectronique, ces journaux b\u00e9n\u00e9ficient de cette <strong>autorisation<\/strong> valable pour une ann\u00e9e, renouvelable, d\u00e9livr\u00e9e par le Centre cin\u00e9matographique marocain et ce, aux fins de production audiovisuelle destin\u00e9e au service de la presse \u00e9lectronique, a indiqu\u00e9 le d\u00e9partement dans un communiqu\u00e9.<\/p>\n<p>Toute op\u00e9ration de <strong>tournage<\/strong> sans autorisation est passible des peines pr\u00e9vues par la l\u00e9gislation en vigueur, pr\u00e9cise le communiqu\u00e9, ajoutant que le minist\u00e8re \u0153uvre \u00e0 la mise \u00e0 niveau de la presse \u00e9lectronique et des services li\u00e9s, conform\u00e9ment aux dispositions de la loi relative \u00e0 la presse et \u00e0 l\u2019\u00e9dition et ce, \u00ab\u00a0dans le souci d\u2019encadrement du secteur afin d\u2019assurer au citoyen le droit \u00e0 une presse responsable et professionnelle et de garantir aux journalistes un exercice libre\u00a0\u00bb.<\/p>\n<div class=\"c17\">\n<fieldset class=\"c16\">\n<legend><strong><span class=\"c11\">Challenge<\/span><span class=\"c12\">news<\/span><\/strong><\/legend>\n<div class=\"c15\">Le meilleur de la r\u00e9daction s\u00e9lectionn\u00e9 par Challenge :<\/p>\n<\/div>\n<\/fieldset>\n<\/div>\n<p>Auteur: challenge<br \/>\n<a href=\"https:\/\/www.challenge.ma\/presse-electronique-autorisation-de-tournage-pour-son-propre-compte-106642\/\">Cliquez ici pour lire l&rsquo;article depuis sa source.<\/a><\/p>\n","protected":false},"excerpt":{"rendered":"<p>Les journaux \u00e9lectroniques, ayant satisfait aux conditions pr\u00e9vues \u00e0 l\u2019article 21 de la loi relative \u00e0 la presse et \u00e0 l\u2019\u00e9dition et portant sur l\u2019autorisation pr\u00e9alable et indications obligatoires y aff\u00e9rentes, b\u00e9n\u00e9ficient imp\u00e9rativement d\u2019une autorisation de tournage pour son propre compte, a indiqu\u00e9 samedi le d\u00e9partement de la Communication -minist\u00e8re de la Culture et de [&hellip;]<\/p>\n","protected":false},"author":1787,"featured_media":0,"comment_status":"closed","ping_status":"closed","sticky":false,"template":"","format":"standard","meta":{"fifu_image_url":"","fifu_image_alt":"","footnotes":""},"categories":[78,54],"tags":[],"class_list":["post-23628","post","type-post","status-publish","format-standard","hentry","category-economie","category-maroc"],"_links":{"self":[{"href":"https:\/\/linitiative.ca\/International\/wp-json\/wp\/v2\/posts\/23628","targetHints":{"allow":["GET"]}}],"collection":[{"href":"https:\/\/linitiative.ca\/International\/wp-json\/wp\/v2\/posts"}],"about":[{"href":"https:\/\/linitiative.ca\/International\/wp-json\/wp\/v2\/types\/post"}],"author":[{"embeddable":true,"href":"https:\/\/linitiative.ca\/International\/wp-json\/wp\/v2\/users\/1787"}],"replies":[{"embeddable":true,"href":"https:\/\/linitiative.ca\/International\/wp-json\/wp\/v2\/comments?post=23628"}],"version-history":[{"count":0,"href":"https:\/\/linitiative.ca\/International\/wp-json\/wp\/v2\/posts\/23628\/revisions"}],"wp:attachment":[{"href":"https:\/\/linitiative.ca\/International\/wp-json\/wp\/v2\/media?parent=23628"}],"wp:term":[{"taxonomy":"category","embeddable":true,"href":"https:\/\/linitiative.ca\/International\/wp-json\/wp\/v2\/categories?post=23628"},{"taxonomy":"post_tag","embeddable":true,"href":"https:\/\/linitiative.ca\/International\/wp-json\/wp\/v2\/tags?post=23628"}],"curies":[{"name":"wp","href":"https:\/\/api.w.org\/{rel}","templated":true}]}}