{"id":23629,"date":"2019-03-23T14:33:48","date_gmt":"2019-03-23T18:33:48","guid":{"rendered":"https:\/\/linitiative.ca\/International\/tunisie-bonne-nouvelle-versement-des-rappels-des-majorations-salariales-avant-le-1er-avril\/"},"modified":"2019-03-23T14:33:48","modified_gmt":"2019-03-23T18:33:48","slug":"tunisie-bonne-nouvelle-versement-des-rappels-des-majorations-salariales-avant-le-1er-avril","status":"publish","type":"post","link":"https:\/\/linitiative.ca\/International\/tunisie-bonne-nouvelle-versement-des-rappels-des-majorations-salariales-avant-le-1er-avril\/","title":{"rendered":"Tunisie \u2013\u00a0BONNE NOUVELLE : Versement des rappels des majorations salariales avant le 1er avril"},"content":{"rendered":"<div class=\"post-cont-in left relative\">\n<div class=\"nc_socialPanel swp_flatFresh swp_d_fullColor swp_i_fullColor swp_o_fullColor scale-100 scale-fullWidth\" data-position=\"none\" data-float=\"floatNone\" data-count=\"5\" data-floatcolor=\"#ffffff\" data-emphasize=\"0\">\n<div class=\"nc_tweetContainer totes totesalt\" data-id=\"6\"><span class=\"swp_count\"><span class=\"swp_label\">Partages<\/span> 14<\/span><\/div>\n<\/div>\n<p>Le Secr\u00e9taire g\u00e9n\u00e9ral du gouvernement, Riadh Mouakher a annonc\u00e9, ce samedi, que les rappels des derni\u00e8res majorations salariales d\u00e9cid\u00e9es pour les fonctionnaires seront vers\u00e9s, au plus tard, le 1<sup>er<\/sup> avril prochain.<\/p>\n<p>Sachant que ce rappel repr\u00e9sente la somme des majorations pour la p\u00e9riode de d\u00e9cembre 2018 \u00e0 f\u00e9vrier 2019 et concerneront 670\u00a0000 fonctionnaires.<\/p>\n<div class=\"code-block code-block-1 c3\"><ins class=\"adsbygoogle c2\" data-ad-layout=\"in-article\" data-ad-format=\"fluid\" data-ad-client=\"ca-pub-2102118777505746\" data-ad-slot=\"7301775417\"\/> <\/div>\n<div class=\"mvp-org-wrap mvp-org-logo\" itemprop=\"publisher\" itemscope=\"\" itemtype=\"https:\/\/schema.org\/Organization\"><img decoding=\"async\" src=\"https:\/\/www.tunisienumerique.com\/wp-content\/uploads\/2017\/02\/logo_tunisie_numerique.png\"\/><\/div>\n<div class=\"nc_socialPanel swp_flatFresh swp_d_fullColor swp_i_fullColor swp_o_fullColor scale-100 scale-fullWidth\" data-position=\"none\" data-float=\"floatNone\" data-count=\"5\" data-floatcolor=\"#ffffff\" data-emphasize=\"0\">\n<div class=\"nc_tweetContainer totes totesalt\" data-id=\"6\"><span class=\"swp_count\"><span class=\"swp_label\">Partages<\/span> 14<\/span><\/div>\n<\/div>\n<div class=\"mvp-related-posts left relative\">\n<h4 class=\"post-header\"><span class=\"post-header\">Lire aussi<\/span><\/h4>\n<\/div>\n<\/div>\n<p>Auteur: LM<br \/>\n<a href=\"https:\/\/www.tunisienumerique.com\/tunisie-bonne-nouvelle-versement-des-rappels-des-majorations-salariales-avant-le-1er-avril\/\">Cliquez ici pour lire l&rsquo;article depuis sa source.<\/a><\/p>\n","protected":false},"excerpt":{"rendered":"<p>Partages 14 Le Secr\u00e9taire g\u00e9n\u00e9ral du gouvernement, Riadh Mouakher a annonc\u00e9, ce samedi, que les rappels des derni\u00e8res majorations salariales d\u00e9cid\u00e9es pour les fonctionnaires seront vers\u00e9s, au plus tard, le 1er avril prochain. Sachant que ce rappel repr\u00e9sente la somme des majorations pour la p\u00e9riode de d\u00e9cembre 2018 \u00e0 f\u00e9vrier 2019 et concerneront 670\u00a0000 fonctionnaires. [&hellip;]<\/p>\n","protected":false},"author":1789,"featured_media":23630,"comment_status":"closed","ping_status":"closed","sticky":false,"template":"","format":"standard","meta":{"fifu_image_url":"","fifu_image_alt":"","footnotes":""},"categories":[73,55],"tags":[],"class_list":["post-23629","post","type-post","status-publish","format-standard","has-post-thumbnail","hentry","category-actualite","category-tunisie"],"_links":{"self":[{"href":"https:\/\/linitiative.ca\/International\/wp-json\/wp\/v2\/posts\/23629","targetHints":{"allow":["GET"]}}],"collection":[{"href":"https:\/\/linitiative.ca\/International\/wp-json\/wp\/v2\/posts"}],"about":[{"href":"https:\/\/linitiative.ca\/International\/wp-json\/wp\/v2\/types\/post"}],"author":[{"embeddable":true,"href":"https:\/\/linitiative.ca\/International\/wp-json\/wp\/v2\/users\/1789"}],"replies":[{"embeddable":true,"href":"https:\/\/linitiative.ca\/International\/wp-json\/wp\/v2\/comments?post=23629"}],"version-history":[{"count":0,"href":"https:\/\/linitiative.ca\/International\/wp-json\/wp\/v2\/posts\/23629\/revisions"}],"wp:featuredmedia":[{"embeddable":true,"href":"https:\/\/linitiative.ca\/International\/wp-json\/"}],"wp:attachment":[{"href":"https:\/\/linitiative.ca\/International\/wp-json\/wp\/v2\/media?parent=23629"}],"wp:term":[{"taxonomy":"category","embeddable":true,"href":"https:\/\/linitiative.ca\/International\/wp-json\/wp\/v2\/categories?post=23629"},{"taxonomy":"post_tag","embeddable":true,"href":"https:\/\/linitiative.ca\/International\/wp-json\/wp\/v2\/tags?post=23629"}],"curies":[{"name":"wp","href":"https:\/\/api.w.org\/{rel}","templated":true}]}}