{"id":23631,"date":"2019-03-23T14:44:36","date_gmt":"2019-03-23T18:44:36","guid":{"rendered":"https:\/\/linitiative.ca\/International\/tunisie-letat-vend-un-complexe-hotelier-qui-appartenait-a-belhassen-trabelsi\/"},"modified":"2019-03-23T14:44:36","modified_gmt":"2019-03-23T18:44:36","slug":"tunisie-letat-vend-un-complexe-hotelier-qui-appartenait-a-belhassen-trabelsi","status":"publish","type":"post","link":"https:\/\/linitiative.ca\/International\/tunisie-letat-vend-un-complexe-hotelier-qui-appartenait-a-belhassen-trabelsi\/","title":{"rendered":"Tunisie \u2013 L\u2019Etat vend un complexe h\u00f4telier qui appartenait \u00e0 Belhassen Trabelsi"},"content":{"rendered":"<div class=\"post-cont-in left relative\">\n<div class=\"nc_socialPanel swp_flatFresh swp_d_fullColor swp_i_fullColor swp_o_fullColor scale-100 scale-fullWidth\" data-position=\"none\" data-float=\"floatNone\" data-count=\"5\" data-floatcolor=\"#ffffff\" data-emphasize=\"0\">\n<div class=\"nc_tweetContainer totes totesalt\" data-id=\"6\"><span class=\"swp_count\"><span class=\"swp_label\">Partages<\/span> 15<\/span><\/div>\n<\/div>\n<p>Le groupe financier \u00ab\u00a0Al Karama Holding\u00a0\u00bb a annonc\u00e9 avoir achev\u00e9, hier vendredi, l\u2019op\u00e9ration de vente d\u2019une des soci\u00e9t\u00e9s qui appartenaient \u00e0 Belhassen Trabelsi. Il s\u2019agit de la STTG (Soci\u00e9t\u00e9 Tunisienne de Tourisme le Golfe).\u00a0C\u2019\u00e9tait le propri\u00e9taire du complexe h\u00f4telier situ\u00e9 \u00e0 Gammarth et compos\u00e9 de 17 hectares incluant l\u2019h\u00f4tel \u00ab\u00a0Le Palace\u00a0\u00bb avec toutes ses d\u00e9pendances.<\/p>\n<p>Cette soci\u00e9t\u00e9 a \u00e9t\u00e9 rachet\u00e9e par le groupe immobilier \u00ab\u00a0Alliance\u00a0\u00bb, pr\u00e9sid\u00e9 par le franco-tunisien, Samir J\u00e2\u00efeb, pour la somme de 31 millions de dinars.<\/p>\n<div class=\"code-block code-block-1 c3\"><ins class=\"adsbygoogle c2\" data-ad-layout=\"in-article\" data-ad-format=\"fluid\" data-ad-client=\"ca-pub-2102118777505746\" data-ad-slot=\"7301775417\"\/> <\/div>\n<div class=\"mvp-org-wrap mvp-org-logo\" itemprop=\"publisher\" itemscope=\"\" itemtype=\"https:\/\/schema.org\/Organization\"><img decoding=\"async\" src=\"https:\/\/www.tunisienumerique.com\/wp-content\/uploads\/2017\/02\/logo_tunisie_numerique.png\"\/><\/div>\n<div class=\"nc_socialPanel swp_flatFresh swp_d_fullColor swp_i_fullColor swp_o_fullColor scale-100 scale-fullWidth\" data-position=\"none\" data-float=\"floatNone\" data-count=\"5\" data-floatcolor=\"#ffffff\" data-emphasize=\"0\">\n<div class=\"nc_tweetContainer totes totesalt\" data-id=\"6\"><span class=\"swp_count\"><span class=\"swp_label\">Partages<\/span> 15<\/span><\/div>\n<\/div>\n<div class=\"mvp-related-posts left relative\">\n<h4 class=\"post-header\"><span class=\"post-header\">Lire aussi<\/span><\/h4>\n<\/div>\n<\/div>\n<p>Auteur: LM<br \/>\n<a href=\"https:\/\/www.tunisienumerique.com\/tunisie-letat-vend-un-complexe-hotelier-qui-appartenait-a-belhassen-trabelsi\/\">Cliquez ici pour lire l&rsquo;article depuis sa source.<\/a><\/p>\n","protected":false},"excerpt":{"rendered":"<p>Partages 15 Le groupe financier \u00ab\u00a0Al Karama Holding\u00a0\u00bb a annonc\u00e9 avoir achev\u00e9, hier vendredi, l\u2019op\u00e9ration de vente d\u2019une des soci\u00e9t\u00e9s qui appartenaient \u00e0 Belhassen Trabelsi. Il s\u2019agit de la STTG (Soci\u00e9t\u00e9 Tunisienne de Tourisme le Golfe).\u00a0C\u2019\u00e9tait le propri\u00e9taire du complexe h\u00f4telier situ\u00e9 \u00e0 Gammarth et compos\u00e9 de 17 hectares incluant l\u2019h\u00f4tel \u00ab\u00a0Le Palace\u00a0\u00bb avec toutes [&hellip;]<\/p>\n","protected":false},"author":1789,"featured_media":23632,"comment_status":"closed","ping_status":"closed","sticky":false,"template":"","format":"standard","meta":{"fifu_image_url":"","fifu_image_alt":"","footnotes":""},"categories":[73,55],"tags":[],"class_list":["post-23631","post","type-post","status-publish","format-standard","has-post-thumbnail","hentry","category-actualite","category-tunisie"],"_links":{"self":[{"href":"https:\/\/linitiative.ca\/International\/wp-json\/wp\/v2\/posts\/23631","targetHints":{"allow":["GET"]}}],"collection":[{"href":"https:\/\/linitiative.ca\/International\/wp-json\/wp\/v2\/posts"}],"about":[{"href":"https:\/\/linitiative.ca\/International\/wp-json\/wp\/v2\/types\/post"}],"author":[{"embeddable":true,"href":"https:\/\/linitiative.ca\/International\/wp-json\/wp\/v2\/users\/1789"}],"replies":[{"embeddable":true,"href":"https:\/\/linitiative.ca\/International\/wp-json\/wp\/v2\/comments?post=23631"}],"version-history":[{"count":0,"href":"https:\/\/linitiative.ca\/International\/wp-json\/wp\/v2\/posts\/23631\/revisions"}],"wp:featuredmedia":[{"embeddable":true,"href":"https:\/\/linitiative.ca\/International\/wp-json\/"}],"wp:attachment":[{"href":"https:\/\/linitiative.ca\/International\/wp-json\/wp\/v2\/media?parent=23631"}],"wp:term":[{"taxonomy":"category","embeddable":true,"href":"https:\/\/linitiative.ca\/International\/wp-json\/wp\/v2\/categories?post=23631"},{"taxonomy":"post_tag","embeddable":true,"href":"https:\/\/linitiative.ca\/International\/wp-json\/wp\/v2\/tags?post=23631"}],"curies":[{"name":"wp","href":"https:\/\/api.w.org\/{rel}","templated":true}]}}