{"id":23633,"date":"2019-03-23T15:18:41","date_gmt":"2019-03-23T19:18:41","guid":{"rendered":"https:\/\/linitiative.ca\/International\/tunisie-bizerte-une-femme-enceinte-et-son-foetus-meurent-a-lhopital-bougatfa\/"},"modified":"2019-03-23T15:18:41","modified_gmt":"2019-03-23T19:18:41","slug":"tunisie-bizerte-une-femme-enceinte-et-son-foetus-meurent-a-lhopital-bougatfa","status":"publish","type":"post","link":"https:\/\/linitiative.ca\/International\/tunisie-bizerte-une-femme-enceinte-et-son-foetus-meurent-a-lhopital-bougatfa\/","title":{"rendered":"Tunisie \u2013 Bizerte\u00a0: Une femme enceinte et son f\u0153tus meurent \u00e0 l\u2019h\u00f4pital Bougatfa"},"content":{"rendered":"<div class=\"post-cont-in left relative\">\n<div class=\"nc_socialPanel swp_flatFresh swp_d_fullColor swp_i_fullColor swp_o_fullColor scale-100 scale-fullWidth\" data-position=\"none\" data-float=\"floatNone\" data-count=\"5\" data-floatcolor=\"#ffffff\" data-emphasize=\"0\">\n<div class=\"nc_tweetContainer totes totesalt\" data-id=\"6\"><span class=\"swp_count\"><span class=\"swp_label\">Partages<\/span> 24<\/span><\/div>\n<\/div>\n<p>Une femme enceinte \u00e2g\u00e9e de trente ans, originaire de la r\u00e9gion d\u2019Utique, a d\u00fb\u00a0\u00eatre transf\u00e9r\u00e9e d\u2019urgence, hier dans la nuit, au service de maternit\u00e9 de l\u2019h\u00f4pital Bougatfa \u00e0 Bizerte, pour douleurs brutales et saignement.<\/p>\n<p>A l\u2019admission, le diagnostic de la mort f\u0153tale dans l\u2019ut\u00e9rus a \u00e9t\u00e9 retenu et la femme a\u00a0\u00e9t\u00e9 op\u00e9r\u00e9e en urgence pour extraire\u00a0 le petit cadavre et tenter de la sauver. Malheureusement, la patiente est tout de m\u00eame d\u00e9c\u00e9d\u00e9e, ce samedi matin, suite \u00e0 des complications. Son m\u00e9decin a demand\u00e9 son transfert au service de m\u00e9decine l\u00e9gale de l\u2019h\u00f4pital Charles Nicole \u00e0 Tunis, pour autopsie.<\/p>\n<div class=\"code-block code-block-1 c3\"><ins class=\"adsbygoogle c2\" data-ad-layout=\"in-article\" data-ad-format=\"fluid\" data-ad-client=\"ca-pub-2102118777505746\" data-ad-slot=\"7301775417\"\/> <\/div>\n<div class=\"mvp-org-wrap mvp-org-logo\" itemprop=\"publisher\" itemscope=\"\" itemtype=\"https:\/\/schema.org\/Organization\"><img decoding=\"async\" src=\"https:\/\/www.tunisienumerique.com\/wp-content\/uploads\/2017\/02\/logo_tunisie_numerique.png\"\/><\/div>\n<div class=\"nc_socialPanel swp_flatFresh swp_d_fullColor swp_i_fullColor swp_o_fullColor scale-100 scale-fullWidth\" data-position=\"none\" data-float=\"floatNone\" data-count=\"5\" data-floatcolor=\"#ffffff\" data-emphasize=\"0\">\n<div class=\"nc_tweetContainer totes totesalt\" data-id=\"6\"><span class=\"swp_count\"><span class=\"swp_label\">Partages<\/span> 24<\/span><\/div>\n<\/div>\n<div class=\"mvp-related-posts left relative\">\n<h4 class=\"post-header\"><span class=\"post-header\">Lire aussi<\/span><\/h4>\n<\/div>\n<\/div>\n<p>Auteur: LM<br \/>\n<a href=\"https:\/\/www.tunisienumerique.com\/tunisie-bizerte-une-femme-enceinte-et-son-foetus-meurent-a-lhopital-bougatfa\/\">Cliquez ici pour lire l&rsquo;article depuis sa source.<\/a><\/p>\n","protected":false},"excerpt":{"rendered":"<p>Partages 24 Une femme enceinte \u00e2g\u00e9e de trente ans, originaire de la r\u00e9gion d\u2019Utique, a d\u00fb\u00a0\u00eatre transf\u00e9r\u00e9e d\u2019urgence, hier dans la nuit, au service de maternit\u00e9 de l\u2019h\u00f4pital Bougatfa \u00e0 Bizerte, pour douleurs brutales et saignement. A l\u2019admission, le diagnostic de la mort f\u0153tale dans l\u2019ut\u00e9rus a \u00e9t\u00e9 retenu et la femme a\u00a0\u00e9t\u00e9 op\u00e9r\u00e9e en [&hellip;]<\/p>\n","protected":false},"author":1789,"featured_media":23634,"comment_status":"closed","ping_status":"closed","sticky":false,"template":"","format":"standard","meta":{"fifu_image_url":"","fifu_image_alt":"","footnotes":""},"categories":[73,55],"tags":[],"class_list":["post-23633","post","type-post","status-publish","format-standard","has-post-thumbnail","hentry","category-actualite","category-tunisie"],"_links":{"self":[{"href":"https:\/\/linitiative.ca\/International\/wp-json\/wp\/v2\/posts\/23633","targetHints":{"allow":["GET"]}}],"collection":[{"href":"https:\/\/linitiative.ca\/International\/wp-json\/wp\/v2\/posts"}],"about":[{"href":"https:\/\/linitiative.ca\/International\/wp-json\/wp\/v2\/types\/post"}],"author":[{"embeddable":true,"href":"https:\/\/linitiative.ca\/International\/wp-json\/wp\/v2\/users\/1789"}],"replies":[{"embeddable":true,"href":"https:\/\/linitiative.ca\/International\/wp-json\/wp\/v2\/comments?post=23633"}],"version-history":[{"count":0,"href":"https:\/\/linitiative.ca\/International\/wp-json\/wp\/v2\/posts\/23633\/revisions"}],"wp:featuredmedia":[{"embeddable":true,"href":"https:\/\/linitiative.ca\/International\/wp-json\/"}],"wp:attachment":[{"href":"https:\/\/linitiative.ca\/International\/wp-json\/wp\/v2\/media?parent=23633"}],"wp:term":[{"taxonomy":"category","embeddable":true,"href":"https:\/\/linitiative.ca\/International\/wp-json\/wp\/v2\/categories?post=23633"},{"taxonomy":"post_tag","embeddable":true,"href":"https:\/\/linitiative.ca\/International\/wp-json\/wp\/v2\/tags?post=23633"}],"curies":[{"name":"wp","href":"https:\/\/api.w.org\/{rel}","templated":true}]}}