{"id":23639,"date":"2019-03-23T16:01:03","date_gmt":"2019-03-23T20:01:03","guid":{"rendered":"https:\/\/linitiative.ca\/International\/can-u23-billets-gratuits-pour-tunisie-soudan-du-sud\/"},"modified":"2019-03-23T16:01:03","modified_gmt":"2019-03-23T20:01:03","slug":"can-u23-billets-gratuits-pour-tunisie-soudan-du-sud","status":"publish","type":"post","link":"https:\/\/linitiative.ca\/International\/can-u23-billets-gratuits-pour-tunisie-soudan-du-sud\/","title":{"rendered":"CAN U23 : Billets gratuits pour Tunisie-Soudan du Sud"},"content":{"rendered":"<div class=\"nc_socialPanel swp_flatFresh swp_d_fullColor swp_i_fullColor swp_o_fullColor scale-100 scale-fullWidth\" data-position=\"none\" data-float=\"floatNone\" data-count=\"5\" data-floatcolor=\"#ffffff\" data-emphasize=\"0\">\n<div class=\"nc_tweetContainer totes totesalt\" data-id=\"6\"><span class=\"swp_count\"><span class=\"swp_label\">Partages<\/span> 0<\/span><\/div>\n<\/div>\n<p>La\u00a0F\u00e9d\u00e9ration tunisienne de football\u00a0(FTF) a mis \u00e0 la disposition des supporteurs de la\u00a0s\u00e9lection olympique tunisienne\u00a0des billets gratuits en pr\u00e9vision du challenge\u00a0du Soudan du Sud au stade 7 mars \u00e0 Ben\u00a0Guerdane, dimanche (15h00).<\/p>\n<p>Deux milles billets\u00a0seront disponibles pour le public \u00e0 l\u2019occasion du match retour des \u00e9liminatoires de la CAN U23 2019 qualificatives pour les JO Tokyo 2020.<\/p>\n<div class=\"code-block code-block-1 c5\"><ins class=\"adsbygoogle c4\" data-ad-layout=\"in-article\" data-ad-format=\"fluid\" data-ad-client=\"ca-pub-2102118777505746\" data-ad-slot=\"7301775417\"\/> <\/div>\n<p>La rencontre sera diffus\u00e9e en direct sur \u201cWatania\u00a01\u201d.<\/p>\n<p>Il est \u00e0 noter que les hommes de\u00a0Ferid\u00a0Ben Belgacem ont arrach\u00e9 la comp\u00e9tition(0-0) \u00e0 l\u2019aller.<\/p>\n<div class=\"mvp-org-wrap mvp-org-logo\" itemprop=\"publisher\" itemscope=\"\" itemtype=\"https:\/\/schema.org\/Organization\"><img decoding=\"async\" src=\"https:\/\/sport.tunisienumerique.com\/wp-content\/uploads\/2017\/05\/logo_tunisie_numerique.png\"\/><\/div>\n<div class=\"nc_socialPanel swp_flatFresh swp_d_fullColor swp_i_fullColor swp_o_fullColor scale-100 scale-fullWidth\" data-position=\"none\" data-float=\"floatNone\" data-count=\"5\" data-floatcolor=\"#ffffff\" data-emphasize=\"0\">\n<div class=\"nc_tweetContainer totes totesalt\" data-id=\"6\"><span class=\"swp_count\"><span class=\"swp_label\">Partages<\/span> 0<\/span><\/div>\n<\/div>\n<div class=\"mvp-related-posts left relative\">\n<h4 class=\"post-header\"><span class=\"post-header\">Lire aussi<\/span><\/h4>\n<\/div>\n<p>Auteur: a.<br \/>\n<a href=\"https:\/\/sport.tunisienumerique.com\/can-u23-billets-gratuits-tunisie-soudan-sud\/\">Cliquez ici pour lire l&rsquo;article depuis sa source.<\/a><\/p>\n","protected":false},"excerpt":{"rendered":"<p>Partages 0 La\u00a0F\u00e9d\u00e9ration tunisienne de football\u00a0(FTF) a mis \u00e0 la disposition des supporteurs de la\u00a0s\u00e9lection olympique tunisienne\u00a0des billets gratuits en pr\u00e9vision du challenge\u00a0du Soudan du Sud au stade 7 mars \u00e0 Ben\u00a0Guerdane, dimanche (15h00). Deux milles billets\u00a0seront disponibles pour le public \u00e0 l\u2019occasion du match retour des \u00e9liminatoires de la CAN U23 2019 qualificatives pour [&hellip;]<\/p>\n","protected":false},"author":1789,"featured_media":23640,"comment_status":"closed","ping_status":"closed","sticky":false,"template":"","format":"standard","meta":{"fifu_image_url":"","fifu_image_alt":"","footnotes":""},"categories":[73,55],"tags":[],"class_list":["post-23639","post","type-post","status-publish","format-standard","has-post-thumbnail","hentry","category-actualite","category-tunisie"],"_links":{"self":[{"href":"https:\/\/linitiative.ca\/International\/wp-json\/wp\/v2\/posts\/23639","targetHints":{"allow":["GET"]}}],"collection":[{"href":"https:\/\/linitiative.ca\/International\/wp-json\/wp\/v2\/posts"}],"about":[{"href":"https:\/\/linitiative.ca\/International\/wp-json\/wp\/v2\/types\/post"}],"author":[{"embeddable":true,"href":"https:\/\/linitiative.ca\/International\/wp-json\/wp\/v2\/users\/1789"}],"replies":[{"embeddable":true,"href":"https:\/\/linitiative.ca\/International\/wp-json\/wp\/v2\/comments?post=23639"}],"version-history":[{"count":0,"href":"https:\/\/linitiative.ca\/International\/wp-json\/wp\/v2\/posts\/23639\/revisions"}],"wp:featuredmedia":[{"embeddable":true,"href":"https:\/\/linitiative.ca\/International\/wp-json\/"}],"wp:attachment":[{"href":"https:\/\/linitiative.ca\/International\/wp-json\/wp\/v2\/media?parent=23639"}],"wp:term":[{"taxonomy":"category","embeddable":true,"href":"https:\/\/linitiative.ca\/International\/wp-json\/wp\/v2\/categories?post=23639"},{"taxonomy":"post_tag","embeddable":true,"href":"https:\/\/linitiative.ca\/International\/wp-json\/wp\/v2\/tags?post=23639"}],"curies":[{"name":"wp","href":"https:\/\/api.w.org\/{rel}","templated":true}]}}