{"id":23645,"date":"2019-03-23T16:43:47","date_gmt":"2019-03-23T20:43:47","guid":{"rendered":"https:\/\/linitiative.ca\/International\/la-tunisie-en-avant-briqui-ne-briguera-pas-de-poste\/"},"modified":"2019-03-23T16:43:47","modified_gmt":"2019-03-23T20:43:47","slug":"la-tunisie-en-avant-briqui-ne-briguera-pas-de-poste","status":"publish","type":"post","link":"https:\/\/linitiative.ca\/International\/la-tunisie-en-avant-briqui-ne-briguera-pas-de-poste\/","title":{"rendered":"La Tunisie En Avant\u00a0: Briqui ne briguera pas de poste"},"content":{"rendered":"<div class=\"post-cont-in left relative\">\n<div class=\"nc_socialPanel swp_flatFresh swp_d_fullColor swp_i_fullColor swp_o_fullColor scale-100 scale-fullWidth\" data-position=\"none\" data-float=\"floatNone\" data-count=\"5\" data-floatcolor=\"#ffffff\" data-emphasize=\"0\">\n<div class=\"nc_tweetContainer totes totesalt\" data-id=\"6\"><span class=\"swp_count\"><span class=\"swp_label\">Partages<\/span> 12<\/span><\/div>\n<\/div>\n<p>Abid Briqui, le coordinateur g\u00e9n\u00e9ral du mouvement \u00ab\u00a0La Tunisie En Avant\u00a0\u00bb, a d\u00e9clar\u00e9, ce samedi, \u00e0 la presse, en marge du congr\u00e8s du mouvement qui se tient \u00e0 Hammamet, qu\u2019il n\u2019a pas encore d\u00e9cid\u00e9 s\u2019il allait briguer un poste quelconque au sein du parti, d\u00e9clarant qu\u2019il pr\u00e9f\u00e8rerait garder un statut de conseiller ind\u00e9pendant\u00a0??<\/p>\n<div class=\"mvp-org-wrap mvp-org-logo\" itemprop=\"publisher\" itemscope=\"\" itemtype=\"https:\/\/schema.org\/Organization\"><img decoding=\"async\" src=\"https:\/\/www.tunisienumerique.com\/wp-content\/uploads\/2017\/02\/logo_tunisie_numerique.png\"\/><\/div>\n<div class=\"nc_socialPanel swp_flatFresh swp_d_fullColor swp_i_fullColor swp_o_fullColor scale-100 scale-fullWidth\" data-position=\"none\" data-float=\"floatNone\" data-count=\"5\" data-floatcolor=\"#ffffff\" data-emphasize=\"0\">\n<div class=\"nc_tweetContainer totes totesalt\" data-id=\"6\"><span class=\"swp_count\"><span class=\"swp_label\">Partages<\/span> 12<\/span><\/div>\n<\/div>\n<div class=\"mvp-related-posts left relative\">\n<h4 class=\"post-header\"><span class=\"post-header\">Lire aussi<\/span><\/h4>\n<\/div>\n<\/div>\n<p>Auteur: LM<br \/>\n<a href=\"https:\/\/www.tunisienumerique.com\/la-tunisie-en-avant-briqui-ne-briguera-pas-de-poste\/\">Cliquez ici pour lire l&rsquo;article depuis sa source.<\/a><\/p>\n","protected":false},"excerpt":{"rendered":"<p>Partages 12 Abid Briqui, le coordinateur g\u00e9n\u00e9ral du mouvement \u00ab\u00a0La Tunisie En Avant\u00a0\u00bb, a d\u00e9clar\u00e9, ce samedi, \u00e0 la presse, en marge du congr\u00e8s du mouvement qui se tient \u00e0 Hammamet, qu\u2019il n\u2019a pas encore d\u00e9cid\u00e9 s\u2019il allait briguer un poste quelconque au sein du parti, d\u00e9clarant qu\u2019il pr\u00e9f\u00e8rerait garder un statut de conseiller ind\u00e9pendant\u00a0?? [&hellip;]<\/p>\n","protected":false},"author":1789,"featured_media":23646,"comment_status":"closed","ping_status":"closed","sticky":false,"template":"","format":"standard","meta":{"fifu_image_url":"","fifu_image_alt":"","footnotes":""},"categories":[73,55],"tags":[],"class_list":["post-23645","post","type-post","status-publish","format-standard","has-post-thumbnail","hentry","category-actualite","category-tunisie"],"_links":{"self":[{"href":"https:\/\/linitiative.ca\/International\/wp-json\/wp\/v2\/posts\/23645","targetHints":{"allow":["GET"]}}],"collection":[{"href":"https:\/\/linitiative.ca\/International\/wp-json\/wp\/v2\/posts"}],"about":[{"href":"https:\/\/linitiative.ca\/International\/wp-json\/wp\/v2\/types\/post"}],"author":[{"embeddable":true,"href":"https:\/\/linitiative.ca\/International\/wp-json\/wp\/v2\/users\/1789"}],"replies":[{"embeddable":true,"href":"https:\/\/linitiative.ca\/International\/wp-json\/wp\/v2\/comments?post=23645"}],"version-history":[{"count":0,"href":"https:\/\/linitiative.ca\/International\/wp-json\/wp\/v2\/posts\/23645\/revisions"}],"wp:featuredmedia":[{"embeddable":true,"href":"https:\/\/linitiative.ca\/International\/wp-json\/"}],"wp:attachment":[{"href":"https:\/\/linitiative.ca\/International\/wp-json\/wp\/v2\/media?parent=23645"}],"wp:term":[{"taxonomy":"category","embeddable":true,"href":"https:\/\/linitiative.ca\/International\/wp-json\/wp\/v2\/categories?post=23645"},{"taxonomy":"post_tag","embeddable":true,"href":"https:\/\/linitiative.ca\/International\/wp-json\/wp\/v2\/tags?post=23645"}],"curies":[{"name":"wp","href":"https:\/\/api.w.org\/{rel}","templated":true}]}}